{"id":91407,"date":"2019-06-07T09:49:55","date_gmt":"2019-06-07T13:49:55","guid":{"rendered":"http:\/\/conexiondigital.com.do\/?p=91407"},"modified":"2019-06-07T09:49:55","modified_gmt":"2019-06-07T13:49:55","slug":"congresista-presenta-foro-en-alto-manhattan-contra-la-rezonificacion","status":"publish","type":"post","link":"https:\/\/conexiondigital.com.do\/index.php\/2019\/06\/07\/congresista-presenta-foro-en-alto-manhattan-contra-la-rezonificacion\/","title":{"rendered":"Congresista presenta foro en Alto Manhattan contra la rezonificaci\u00f3n"},"content":{"rendered":"<p><img loading=\"lazy\" decoding=\"async\" class=\" wp-image-91408 alignleft\" src=\"https:\/\/images.conexiondigital.com.do\/wp-content\/uploads\/wp-content\/uploads\/2019\/06\/Congresista-presenta-foro-en-Alto-Manhattan-contra-la-rezonificacion-1024x550-800x430.jpg\" alt=\"\" width=\"472\" height=\"254\" \/>NUEVA YORK.-La oficina local del congresista dem\u00f3crata Adriano Espaillat present\u00f3 un foro p\u00fablico la noche de este mi\u00e9rcoles ante cientos de personas latinas, afroamericanas y asi\u00e1ticas residentes en el vecindario de Inwood para informarles de dos demandas pendientes en contra de la rezonificaci\u00f3n en el \u00e1rea.<\/p>\n<p>Espaillat expres\u00f3 que hasta que las mismas no concluyan no hay rezonificaci\u00f3n. La primera est\u00e1 basada en el art\u00edculo 78,\u00a0que es una demanda de inquilinos y residentes del \u00e1rea que se ven afectados negativamente por la rezonificaci\u00f3n, y hay varios demandantes en el sector.<\/p>\n<p>Esta acci\u00f3n legal es presidida por el abogado Michael Sussman, quien gan\u00f3 la demanda de \u201cdesagregaci\u00f3n\u201d de Yonkers en representaci\u00f3n de la \u201cAsociaci\u00f3n Nacional para el Avance de las Personas de Color (NAACP, siglas en ingl\u00e9s), una organizaci\u00f3n de derechos civiles fundada en 1909 para combatir los prejuicios, linchamientos y trabajar por el mejoramiento de las afro-descendientes.<\/p>\n<p>La segunda, representada por Norman Siegel, ex jefe de la Uni\u00f3n de Libertades Civiles de NY, lleva a cabo la demanda federal que trata de establecer que las rezonificaciones, no exclusivamente la de Inwood sino todas, est\u00e1n contribuyendo al desplazamiento de comunidades de color.<\/p>\n<p>Ha escogido como ejemplo el condado de Manhattan, siendo Barrio Chino y el Alto Manhattan donde se han aplicado rezonificaciones, se han visto desplazamientos de comunidades de color.<\/p>\n<p>Siegel se basa en el acta de \u201cvivienda justa\u201d, un proyecto de ley que en el 1968 el gobierno federal adopt\u00f3 para prevenir el desplazamiento y discriminaci\u00f3n en el \u00e1rea de vivienda, y esta demanda podr\u00eda tener implicaciones no solamente a nivel local sino tambi\u00e9n nacional.<\/p>\n<p>\u201cHemos querido informar a nuestros contribuyentes como se encuentran ambas acciones\u201d, enfatiz\u00f3 Espaillat.<\/p>\n<p>Las panelistas respondieron varias preguntas de personas participantes del evento, celebrado en la escuela PS 366, ubicada en el 202 de la avenida Sherman con la calle 204, en el Alto Manhattan.<\/p>\n<p>Participaron Cherul Pahaham, copresidente de Inwood Legal Action; Alexandra Fennel, directora de la Red CUFFH, y Marika D\u00edaz, directora de la Coalici\u00f3n de Derechos de los Inquilinos y Servicios Legales en NY, entre otros.<\/p>\n","protected":false},"excerpt":{"rendered":"<p>NUEVA YORK.-La oficina local del congresista dem\u00f3crata Adriano Espaillat present\u00f3 un foro p\u00fablico la noche de este mi\u00e9rcoles ante cientos de personas latinas, afroamericanas y asi\u00e1ticas residentes en el vecindario de Inwood para informarles de dos demandas pendientes en contra de la rezonificaci\u00f3n en el \u00e1rea. Espaillat expres\u00f3 que hasta que las mismas no concluyan no hay rezonificaci\u00f3n. La primera est\u00e1 basada en el art\u00edculo 78,\u00a0que es una demanda de inquilinos y residentes del \u00e1rea que se ven afectados negativamente por la rezonificaci\u00f3n, y hay varios demandantes en el sector. Esta acci\u00f3n legal es presidida por el abogado Michael Sussman, quien gan\u00f3 la demanda de \u201cdesagregaci\u00f3n\u201d de Yonkers en representaci\u00f3n de la \u201cAsociaci\u00f3n Nacional para el Avance de las Personas de Color (NAACP, siglas en ingl\u00e9s), una organizaci\u00f3n de derechos civiles fundada en 1909 para combatir los prejuicios, linchamientos y trabajar por el mejoramiento de las afro-descendientes. La segunda, representada por Norman Siegel, ex jefe de la Uni\u00f3n de Libertades Civiles de NY, lleva a cabo la demanda federal que trata de establecer que las rezonificaciones, no exclusivamente la de Inwood sino todas, est\u00e1n contribuyendo al desplazamiento de comunidades de color. Ha escogido como ejemplo el condado de Manhattan, siendo Barrio Chino y el Alto Manhattan donde se han aplicado rezonificaciones, se han visto desplazamientos de comunidades de color. Siegel se basa en el acta de \u201cvivienda justa\u201d, un proyecto de ley que en el 1968 el gobierno federal adopt\u00f3 para prevenir el desplazamiento y discriminaci\u00f3n en el \u00e1rea de vivienda, y esta demanda podr\u00eda tener implicaciones no solamente a nivel local sino tambi\u00e9n nacional. \u201cHemos querido informar a nuestros contribuyentes como se encuentran ambas acciones\u201d, enfatiz\u00f3 Espaillat. Las panelistas respondieron varias preguntas de personas participantes del evento, celebrado en la escuela PS 366, ubicada en el 202 de la avenida Sherman con la calle 204, en el Alto Manhattan. Participaron Cherul Pahaham, copresidente de Inwood Legal Action; Alexandra Fennel, directora de la Red CUFFH, y Marika D\u00edaz, directora de la Coalici\u00f3n de Derechos de los Inquilinos y Servicios Legales en NY, entre otros.<\/p>\n","protected":false},"author":8,"featured_media":91408,"comment_status":"open","ping_status":"open","sticky":false,"template":"","format":"standard","meta":{"om_disable_all_campaigns":false,"footnotes":""},"categories":[14],"tags":[],"class_list":["post-91407","post","type-post","status-publish","format-standard","has-post-thumbnail","hentry","category-culture"],"_links":{"self":[{"href":"https:\/\/conexiondigital.com.do\/index.php\/wp-json\/wp\/v2\/posts\/91407","targetHints":{"allow":["GET"]}}],"collection":[{"href":"https:\/\/conexiondigital.com.do\/index.php\/wp-json\/wp\/v2\/posts"}],"about":[{"href":"https:\/\/conexiondigital.com.do\/index.php\/wp-json\/wp\/v2\/types\/post"}],"author":[{"embeddable":true,"href":"https:\/\/conexiondigital.com.do\/index.php\/wp-json\/wp\/v2\/users\/8"}],"replies":[{"embeddable":true,"href":"https:\/\/conexiondigital.com.do\/index.php\/wp-json\/wp\/v2\/comments?post=91407"}],"version-history":[{"count":1,"href":"https:\/\/conexiondigital.com.do\/index.php\/wp-json\/wp\/v2\/posts\/91407\/revisions"}],"predecessor-version":[{"id":91409,"href":"https:\/\/conexiondigital.com.do\/index.php\/wp-json\/wp\/v2\/posts\/91407\/revisions\/91409"}],"wp:featuredmedia":[{"embeddable":true,"href":"https:\/\/conexiondigital.com.do\/index.php\/wp-json\/wp\/v2\/media\/91408"}],"wp:attachment":[{"href":"https:\/\/conexiondigital.com.do\/index.php\/wp-json\/wp\/v2\/media?parent=91407"}],"wp:term":[{"taxonomy":"category","embeddable":true,"href":"https:\/\/conexiondigital.com.do\/index.php\/wp-json\/wp\/v2\/categories?post=91407"},{"taxonomy":"post_tag","embeddable":true,"href":"https:\/\/conexiondigital.com.do\/index.php\/wp-json\/wp\/v2\/tags?post=91407"}],"curies":[{"name":"wp","href":"https:\/\/api.w.org\/{rel}","templated":true}]}}