{"id":91441,"date":"2019-06-10T12:36:30","date_gmt":"2019-06-10T16:36:30","guid":{"rendered":"http:\/\/conexiondigital.com.do\/?p=91441"},"modified":"2019-06-10T12:36:30","modified_gmt":"2019-06-10T16:36:30","slug":"profundizan-investigacion-sobre-disparo-a-david-ortiz-activan-busqueda-otro-implicado","status":"publish","type":"post","link":"https:\/\/conexiondigital.com.do\/index.php\/2019\/06\/10\/profundizan-investigacion-sobre-disparo-a-david-ortiz-activan-busqueda-otro-implicado\/","title":{"rendered":"Profundizan investigaci\u00f3n sobre disparo a David Ortiz; activan b\u00fasqueda otro implicado"},"content":{"rendered":"<p><img loading=\"lazy\" decoding=\"async\" class=\" wp-image-91442 alignleft\" src=\"https:\/\/images.conexiondigital.com.do\/wp-content\/uploads\/wp-content\/uploads\/2019\/06\/Fachada-1024x550-800x430.jpg\" alt=\"\" width=\"472\" height=\"254\" \/>SANTO DOMINGO.-La Polic\u00eda Nacional inform\u00f3 este lunes que profundiza la investigaci\u00f3n sobre el caso del expelotero de Grandes Ligas David Ortiz, quien fue este domingo herido de bala durante un confuso incidente ocurrido en la zona oriental.<\/p>\n<p>En ese sentido, la uniformada indic\u00f3 que se persigue a un segundo implicado en el caso, quien acompa\u00f1aba a Eddy F\u00e9liz Garc\u00eda, se\u00f1alado como el responsable de herir a Ortiz, quien, de acuerdo al portavoz de la Polic\u00eda, coronel Fran F\u00e9lix Dur\u00e1n, se encuentra detenido.<\/p>\n<p>Las autoridades indicaron que a\u00fan se investiga el motivo del ataque contra el expelotero.<\/p>\n<p>La persona detenida ser\u00e1 interrogada en el transcurso de la ma\u00f1ana de este lunes, agreg\u00f3 Dur\u00e1n.<\/p>\n<p>Desde tempranas horas, agentes de la Direcci\u00f3n Central de Investigaci\u00f3n (DICRIM) realizan el levantamiento de la escena donde result\u00f3 herido Ortiz.<\/p>\n<p>Ortiz fue herido de bala cuando se encontraba en un centro de diversi\u00f3n en Santo Domingo junto al comunicador Jhoel L\u00f3pez, quien tambi\u00e9n result\u00f3 herido y est\u00e1 estable y fuera de peligro, seg\u00fan su familia.<\/p>\n<p>Tras el suceso, el director de la Polic\u00eda Nacional, mayor general Ney Aldrin Bautista, se desplaz\u00f3 anoche hasta la Cl\u00ednica Abel Gonz\u00e1lez de la capital, donde el pelotero recibe atenciones sanitarias, y dijo a la prensa que, de momento \u201cno podemos presumir absolutamente nada, todo lo que podamos decir ahora son conjeturas.\u201d<\/p>\n","protected":false},"excerpt":{"rendered":"<p>SANTO DOMINGO.-La Polic\u00eda Nacional inform\u00f3 este lunes que profundiza la investigaci\u00f3n sobre el caso del expelotero de Grandes Ligas David Ortiz, quien fue este domingo herido de bala durante un confuso incidente ocurrido en la zona oriental. En ese sentido, la uniformada indic\u00f3 que se persigue a un segundo implicado en el caso, quien acompa\u00f1aba a Eddy F\u00e9liz Garc\u00eda, se\u00f1alado como el responsable de herir a Ortiz, quien, de acuerdo al portavoz de la Polic\u00eda, coronel Fran F\u00e9lix Dur\u00e1n, se encuentra detenido. Las autoridades indicaron que a\u00fan se investiga el motivo del ataque contra el expelotero. La persona detenida ser\u00e1 interrogada en el transcurso de la ma\u00f1ana de este lunes, agreg\u00f3 Dur\u00e1n. Desde tempranas horas, agentes de la Direcci\u00f3n Central de Investigaci\u00f3n (DICRIM) realizan el levantamiento de la escena donde result\u00f3 herido Ortiz. Ortiz fue herido de bala cuando se encontraba en un centro de diversi\u00f3n en Santo Domingo junto al comunicador Jhoel L\u00f3pez, quien tambi\u00e9n result\u00f3 herido y est\u00e1 estable y fuera de peligro, seg\u00fan su familia. Tras el suceso, el director de la Polic\u00eda Nacional, mayor general Ney Aldrin Bautista, se desplaz\u00f3 anoche hasta la Cl\u00ednica Abel Gonz\u00e1lez de la capital, donde el pelotero recibe atenciones sanitarias, y dijo a la prensa que, de momento \u201cno podemos presumir absolutamente nada, todo lo que podamos decir ahora son conjeturas.\u201d<\/p>\n","protected":false},"author":8,"featured_media":91442,"comment_status":"open","ping_status":"open","sticky":false,"template":"","format":"standard","meta":{"om_disable_all_campaigns":false,"footnotes":""},"categories":[15],"tags":[],"class_list":["post-91441","post","type-post","status-publish","format-standard","has-post-thumbnail","hentry","category-nacionales"],"_links":{"self":[{"href":"https:\/\/conexiondigital.com.do\/index.php\/wp-json\/wp\/v2\/posts\/91441","targetHints":{"allow":["GET"]}}],"collection":[{"href":"https:\/\/conexiondigital.com.do\/index.php\/wp-json\/wp\/v2\/posts"}],"about":[{"href":"https:\/\/conexiondigital.com.do\/index.php\/wp-json\/wp\/v2\/types\/post"}],"author":[{"embeddable":true,"href":"https:\/\/conexiondigital.com.do\/index.php\/wp-json\/wp\/v2\/users\/8"}],"replies":[{"embeddable":true,"href":"https:\/\/conexiondigital.com.do\/index.php\/wp-json\/wp\/v2\/comments?post=91441"}],"version-history":[{"count":1,"href":"https:\/\/conexiondigital.com.do\/index.php\/wp-json\/wp\/v2\/posts\/91441\/revisions"}],"predecessor-version":[{"id":91443,"href":"https:\/\/conexiondigital.com.do\/index.php\/wp-json\/wp\/v2\/posts\/91441\/revisions\/91443"}],"wp:featuredmedia":[{"embeddable":true,"href":"https:\/\/conexiondigital.com.do\/index.php\/wp-json\/wp\/v2\/media\/91442"}],"wp:attachment":[{"href":"https:\/\/conexiondigital.com.do\/index.php\/wp-json\/wp\/v2\/media?parent=91441"}],"wp:term":[{"taxonomy":"category","embeddable":true,"href":"https:\/\/conexiondigital.com.do\/index.php\/wp-json\/wp\/v2\/categories?post=91441"},{"taxonomy":"post_tag","embeddable":true,"href":"https:\/\/conexiondigital.com.do\/index.php\/wp-json\/wp\/v2\/tags?post=91441"}],"curies":[{"name":"wp","href":"https:\/\/api.w.org\/{rel}","templated":true}]}}