{"id":91524,"date":"2019-06-11T17:20:42","date_gmt":"2019-06-11T21:20:42","guid":{"rendered":"http:\/\/conexiondigital.com.do\/?p=91524"},"modified":"2019-06-11T17:20:42","modified_gmt":"2019-06-11T21:20:42","slug":"mpd-llama-a-poblacion-a-profundizar-protestas","status":"publish","type":"post","link":"https:\/\/conexiondigital.com.do\/index.php\/2019\/06\/11\/mpd-llama-a-poblacion-a-profundizar-protestas\/","title":{"rendered":"MPD llama a poblaci\u00f3n a profundizar protestas"},"content":{"rendered":"<p><img loading=\"lazy\" decoding=\"async\" class=\" wp-image-91525 alignleft\" src=\"https:\/\/images.conexiondigital.com.do\/wp-content\/uploads\/wp-content\/uploads\/2019\/06\/protestacancino-800x567.jpeg\" alt=\"\" width=\"499\" height=\"354\" \/>SANTO DOMINGO.-El\u00a0Comit\u00e9 Regional\u00a020 de Febrero del\u00a0Movimiento Popular Dominicano(MPD) del\u00a0Gran Santo Domingo\u00a0expres\u00f3 hoy su apoyo a las protestas que se est\u00e1n registrando en diversos barrios de esta demarcaci\u00f3n \u00a0contra las largas tandas de apagones, por la rebaja de los combustibles y el alto costo de la vida y en demanda de arreglo de las calles, entre otras obras.<\/p>\n<p>\u201cLa poblaci\u00f3n est\u00e1 protestando por la rebaja del precio de los combustibles, en contra de la privatizaci\u00f3n de la salud p\u00fablica, y la seguridad social, contra la inseguridad, por un aumento general de salario, la rebaja del costo de la vida, el fin de la corrupci\u00f3n e impunidad y la preservaci\u00f3n de nuestros recursos naturales adem\u00e1s de los molestos apagones\u201d, se\u00f1al\u00f3 Manuel Cuevas, vocero del\u00a0Comit\u00e9 Regional\u00a020 de Febrero del\u00a0MPD.<\/p>\n<p>El dirigente emepede\u00edsta afirm\u00f3 que todo lo antes citado es fruto de la pol\u00edtica criminal, hambreadora y neoliberal del gobierno de Danilo Medina y el Partido de la Liberaci\u00f3n Dominicana (PLD).<\/p>\n<p>\u201cHacemos un llamado al pueblo dominicano y a las organizaciones populares para que expresemos en las calles nuestro repudio a la reelecci\u00f3n presidencial y a pol\u00edtica criminal y corrupta de este Gobierno y a profundizar las protestas en los barrios del\u00a0Gran Santo Domingopor mejores condiciones de vida\u201d, precis\u00f3 Manuel Cuevas.<\/p>\n<p>El\u00a0Movimiento Popular Dominicano\u00a0expres\u00f3 adem\u00e1s su rechazo a la pretensi\u00f3n del gobierno de vender la planta generadora de Punta Catalina, con lo que pretende deshacerse del cuerpo del delito que representa la construcci\u00f3n de la termoel\u00e9ctrica, la cual no se ha realizado con transparencia.<\/p>\n<p>El\u00a0MPD\u00a0dijo que apoya todas las protestas que se est\u00e1n levantando en estos d\u00edas, pues adem\u00e1s de que son justos los reclamos; son una muestra de la dif\u00edcil situaci\u00f3n por la que est\u00e1 atravesando el pueblo dominicano en la presente administraci\u00f3n pelede\u00edsta.<\/p>\n","protected":false},"excerpt":{"rendered":"<p>SANTO DOMINGO.-El\u00a0Comit\u00e9 Regional\u00a020 de Febrero del\u00a0Movimiento Popular Dominicano(MPD) del\u00a0Gran Santo Domingo\u00a0expres\u00f3 hoy su apoyo a las protestas que se est\u00e1n registrando en diversos barrios de esta demarcaci\u00f3n \u00a0contra las largas tandas de apagones, por la rebaja de los combustibles y el alto costo de la vida y en demanda de arreglo de las calles, entre otras obras. \u201cLa poblaci\u00f3n est\u00e1 protestando por la rebaja del precio de los combustibles, en contra de la privatizaci\u00f3n de la salud p\u00fablica, y la seguridad social, contra la inseguridad, por un aumento general de salario, la rebaja del costo de la vida, el fin de la corrupci\u00f3n e impunidad y la preservaci\u00f3n de nuestros recursos naturales adem\u00e1s de los molestos apagones\u201d, se\u00f1al\u00f3 Manuel Cuevas, vocero del\u00a0Comit\u00e9 Regional\u00a020 de Febrero del\u00a0MPD. El dirigente emepede\u00edsta afirm\u00f3 que todo lo antes citado es fruto de la pol\u00edtica criminal, hambreadora y neoliberal del gobierno de Danilo Medina y el Partido de la Liberaci\u00f3n Dominicana (PLD). \u201cHacemos un llamado al pueblo dominicano y a las organizaciones populares para que expresemos en las calles nuestro repudio a la reelecci\u00f3n presidencial y a pol\u00edtica criminal y corrupta de este Gobierno y a profundizar las protestas en los barrios del\u00a0Gran Santo Domingopor mejores condiciones de vida\u201d, precis\u00f3 Manuel Cuevas. El\u00a0Movimiento Popular Dominicano\u00a0expres\u00f3 adem\u00e1s su rechazo a la pretensi\u00f3n del gobierno de vender la planta generadora de Punta Catalina, con lo que pretende deshacerse del cuerpo del delito que representa la construcci\u00f3n de la termoel\u00e9ctrica, la cual no se ha realizado con transparencia. El\u00a0MPD\u00a0dijo que apoya todas las protestas que se est\u00e1n levantando en estos d\u00edas, pues adem\u00e1s de que son justos los reclamos; son una muestra de la dif\u00edcil situaci\u00f3n por la que est\u00e1 atravesando el pueblo dominicano en la presente administraci\u00f3n pelede\u00edsta.<\/p>\n","protected":false},"author":8,"featured_media":91525,"comment_status":"open","ping_status":"open","sticky":false,"template":"","format":"standard","meta":{"om_disable_all_campaigns":false,"footnotes":""},"categories":[15],"tags":[],"class_list":["post-91524","post","type-post","status-publish","format-standard","has-post-thumbnail","hentry","category-nacionales"],"_links":{"self":[{"href":"https:\/\/conexiondigital.com.do\/index.php\/wp-json\/wp\/v2\/posts\/91524","targetHints":{"allow":["GET"]}}],"collection":[{"href":"https:\/\/conexiondigital.com.do\/index.php\/wp-json\/wp\/v2\/posts"}],"about":[{"href":"https:\/\/conexiondigital.com.do\/index.php\/wp-json\/wp\/v2\/types\/post"}],"author":[{"embeddable":true,"href":"https:\/\/conexiondigital.com.do\/index.php\/wp-json\/wp\/v2\/users\/8"}],"replies":[{"embeddable":true,"href":"https:\/\/conexiondigital.com.do\/index.php\/wp-json\/wp\/v2\/comments?post=91524"}],"version-history":[{"count":1,"href":"https:\/\/conexiondigital.com.do\/index.php\/wp-json\/wp\/v2\/posts\/91524\/revisions"}],"predecessor-version":[{"id":91526,"href":"https:\/\/conexiondigital.com.do\/index.php\/wp-json\/wp\/v2\/posts\/91524\/revisions\/91526"}],"wp:featuredmedia":[{"embeddable":true,"href":"https:\/\/conexiondigital.com.do\/index.php\/wp-json\/wp\/v2\/media\/91525"}],"wp:attachment":[{"href":"https:\/\/conexiondigital.com.do\/index.php\/wp-json\/wp\/v2\/media?parent=91524"}],"wp:term":[{"taxonomy":"category","embeddable":true,"href":"https:\/\/conexiondigital.com.do\/index.php\/wp-json\/wp\/v2\/categories?post=91524"},{"taxonomy":"post_tag","embeddable":true,"href":"https:\/\/conexiondigital.com.do\/index.php\/wp-json\/wp\/v2\/tags?post=91524"}],"curies":[{"name":"wp","href":"https:\/\/api.w.org\/{rel}","templated":true}]}}