{"id":91646,"date":"2019-06-13T12:04:46","date_gmt":"2019-06-13T16:04:46","guid":{"rendered":"http:\/\/conexiondigital.com.do\/?p=91646"},"modified":"2019-06-13T12:04:46","modified_gmt":"2019-06-13T16:04:46","slug":"ministerio-de-educacion-afirma-iniciara-en-dos-meses-reconstruccion-politecnico-de-samana","status":"publish","type":"post","link":"https:\/\/conexiondigital.com.do\/index.php\/2019\/06\/13\/ministerio-de-educacion-afirma-iniciara-en-dos-meses-reconstruccion-politecnico-de-samana\/","title":{"rendered":"Ministerio de Educaci\u00f3n afirma iniciar\u00e1 en dos meses reconstrucci\u00f3n polit\u00e9cnico de Saman\u00e1"},"content":{"rendered":"<p><img loading=\"lazy\" decoding=\"async\" class=\" wp-image-91647 alignleft\" src=\"https:\/\/images.conexiondigital.com.do\/wp-content\/uploads\/wp-content\/uploads\/2019\/06\/MERY-HOY-1024x550-800x430.jpg\" alt=\"\" width=\"497\" height=\"267\" \/>SANTO DOMINGO. \u2013 El Ministerio de Educaci\u00f3n (MINERD), a trav\u00e9s de la Oficina de Cooperaci\u00f3n Internacional (OCI), anunci\u00f3 que en dos meses iniciar\u00e1 la reconstrucci\u00f3n y rehabilitaci\u00f3n de la infraestructura del polit\u00e9cnico Profesora Natividad Zuleyka viuda de Acosta, de Saman\u00e1, adem\u00e1s de la instalaci\u00f3n y mantenimiento de equipos.<\/p>\n<p>La directora de la OCI, Rosa Mar\u00eda Kasse Soto, dijo a trav\u00e9s de un comunicado que el polit\u00e9cnico fue construido mediante esa Oficina hace varios a\u00f1os, con fondos del Banco Interamericano de Desarrollo (BID) y una colaboraci\u00f3n de la Agencia de Cooperaci\u00f3n Espa\u00f1ola, para su equipamiento.<\/p>\n<p>La funcionaria indic\u00f3 que ya se hicieron los tr\u00e1mites correspondientes para instalar los equipos que est\u00e1n en el polit\u00e9cnico que todav\u00eda no se han instalado, dar mantenimiento a los que est\u00e1n instalados y, sobre todo, la reparaci\u00f3n de toda la infraestructura del polit\u00e9cnico.<\/p>\n<p>\u201cEsto ya estaba previsto, se han hecho las evaluaciones correspondientes acerca del estado actual, de las condiciones que tiene el polit\u00e9cnico, de la parte de su infraestructura y de la parte de su equipamiento.\u00a0 Tambi\u00e9n se van a adicionar equipamientos nuevos que van a venir a completar todo lo que es la matr\u00edcula que se ofrece a los estudiantes que van al polit\u00e9cnico Natividad Zuleyka viuda de Acosta en Saman\u00e1\u201d, expres\u00f3 la directora de la OCI.<\/p>\n<p>Los trabajos de intervenci\u00f3n por parte de la OCI contemplan las adecuaciones de espacio y las redes de servicios de electricidad y data para la instalaci\u00f3n de los equipos existentes en los talleres de servicios tur\u00edsticos, electricidad, fontaner\u00eda y aguas potables, fr\u00edo y climatizaci\u00f3n, inform\u00e1tica e idiomas.<\/p>\n","protected":false},"excerpt":{"rendered":"<p>SANTO DOMINGO. \u2013 El Ministerio de Educaci\u00f3n (MINERD), a trav\u00e9s de la Oficina de Cooperaci\u00f3n Internacional (OCI), anunci\u00f3 que en dos meses iniciar\u00e1 la reconstrucci\u00f3n y rehabilitaci\u00f3n de la infraestructura del polit\u00e9cnico Profesora Natividad Zuleyka viuda de Acosta, de Saman\u00e1, adem\u00e1s de la instalaci\u00f3n y mantenimiento de equipos. La directora de la OCI, Rosa Mar\u00eda Kasse Soto, dijo a trav\u00e9s de un comunicado que el polit\u00e9cnico fue construido mediante esa Oficina hace varios a\u00f1os, con fondos del Banco Interamericano de Desarrollo (BID) y una colaboraci\u00f3n de la Agencia de Cooperaci\u00f3n Espa\u00f1ola, para su equipamiento. La funcionaria indic\u00f3 que ya se hicieron los tr\u00e1mites correspondientes para instalar los equipos que est\u00e1n en el polit\u00e9cnico que todav\u00eda no se han instalado, dar mantenimiento a los que est\u00e1n instalados y, sobre todo, la reparaci\u00f3n de toda la infraestructura del polit\u00e9cnico. \u201cEsto ya estaba previsto, se han hecho las evaluaciones correspondientes acerca del estado actual, de las condiciones que tiene el polit\u00e9cnico, de la parte de su infraestructura y de la parte de su equipamiento.\u00a0 Tambi\u00e9n se van a adicionar equipamientos nuevos que van a venir a completar todo lo que es la matr\u00edcula que se ofrece a los estudiantes que van al polit\u00e9cnico Natividad Zuleyka viuda de Acosta en Saman\u00e1\u201d, expres\u00f3 la directora de la OCI. Los trabajos de intervenci\u00f3n por parte de la OCI contemplan las adecuaciones de espacio y las redes de servicios de electricidad y data para la instalaci\u00f3n de los equipos existentes en los talleres de servicios tur\u00edsticos, electricidad, fontaner\u00eda y aguas potables, fr\u00edo y climatizaci\u00f3n, inform\u00e1tica e idiomas.<\/p>\n","protected":false},"author":8,"featured_media":91647,"comment_status":"open","ping_status":"open","sticky":false,"template":"","format":"standard","meta":{"om_disable_all_campaigns":false,"footnotes":""},"categories":[155],"tags":[],"class_list":["post-91646","post","type-post","status-publish","format-standard","has-post-thumbnail","hentry","category-educacion"],"_links":{"self":[{"href":"https:\/\/conexiondigital.com.do\/index.php\/wp-json\/wp\/v2\/posts\/91646","targetHints":{"allow":["GET"]}}],"collection":[{"href":"https:\/\/conexiondigital.com.do\/index.php\/wp-json\/wp\/v2\/posts"}],"about":[{"href":"https:\/\/conexiondigital.com.do\/index.php\/wp-json\/wp\/v2\/types\/post"}],"author":[{"embeddable":true,"href":"https:\/\/conexiondigital.com.do\/index.php\/wp-json\/wp\/v2\/users\/8"}],"replies":[{"embeddable":true,"href":"https:\/\/conexiondigital.com.do\/index.php\/wp-json\/wp\/v2\/comments?post=91646"}],"version-history":[{"count":1,"href":"https:\/\/conexiondigital.com.do\/index.php\/wp-json\/wp\/v2\/posts\/91646\/revisions"}],"predecessor-version":[{"id":91648,"href":"https:\/\/conexiondigital.com.do\/index.php\/wp-json\/wp\/v2\/posts\/91646\/revisions\/91648"}],"wp:featuredmedia":[{"embeddable":true,"href":"https:\/\/conexiondigital.com.do\/index.php\/wp-json\/wp\/v2\/media\/91647"}],"wp:attachment":[{"href":"https:\/\/conexiondigital.com.do\/index.php\/wp-json\/wp\/v2\/media?parent=91646"}],"wp:term":[{"taxonomy":"category","embeddable":true,"href":"https:\/\/conexiondigital.com.do\/index.php\/wp-json\/wp\/v2\/categories?post=91646"},{"taxonomy":"post_tag","embeddable":true,"href":"https:\/\/conexiondigital.com.do\/index.php\/wp-json\/wp\/v2\/tags?post=91646"}],"curies":[{"name":"wp","href":"https:\/\/api.w.org\/{rel}","templated":true}]}}