{"id":91720,"date":"2019-06-14T13:49:40","date_gmt":"2019-06-14T17:49:40","guid":{"rendered":"http:\/\/conexiondigital.com.do\/?p=91720"},"modified":"2019-06-14T13:49:40","modified_gmt":"2019-06-14T17:49:40","slug":"rd-sera-sede-de-la-xxi-olimpiada-de-matematica-de-centroamerica-y-el-caribe","status":"publish","type":"post","link":"https:\/\/conexiondigital.com.do\/index.php\/2019\/06\/14\/rd-sera-sede-de-la-xxi-olimpiada-de-matematica-de-centroamerica-y-el-caribe\/","title":{"rendered":"RD ser\u00e1 sede de la XXI Olimpiada de Matem\u00e1tica de Centroam\u00e9rica y el Caribe"},"content":{"rendered":"<p><img loading=\"lazy\" decoding=\"async\" class=\"wp-image-91721 alignleft\" src=\"https:\/\/images.conexiondigital.com.do\/wp-content\/uploads\/wp-content\/uploads\/2019\/06\/GMN_4847-1024x550-800x430.jpg\" alt=\"\" width=\"490\" height=\"264\" \/>SANTO DOMINGO.-El Ministerio de Educaci\u00f3n de la Rep\u00fablica Dominicana, anunci\u00f3 que se celebrar\u00e1 en nuestro pa\u00eds la XXI Olimpiada de Matem\u00e1tica de Centroam\u00e9rica y el Caribe desde este lunes 17 hasta el viernes 21 de junio, con la participaci\u00f3n de delegaciones estudiantiles de de delegaciones estudiantiles de 13 pa\u00edses.<\/p>\n<p>El MINERD es la instituci\u00f3n que encabeza la gesti\u00f3n del evento y\u00a0contar\u00e1 con m\u00e1s de 150 estudiantes, jueces, tutores e invitados especiales entre ellos representantes de Colombia, Puerto Rico, Guatemala, Cuba, Jamaica, Hait\u00ed, Honduras, Venezuela, Panam\u00e1, Nicaragua, El Salvador, M\u00e9xico, Costa y Rep\u00fablica Dominicana como pa\u00eds anfitri\u00f3n.<\/p>\n<p>Una nota de prensa del Ministerio de Educaci\u00f3n indica que la delegaci\u00f3n nacional est\u00e1 compuesta por los estudiantes Amelia G\u00f3mez, de cuarto grado de secundaria; \u00c1ngel Ure\u00f1a, de quinto; \u00c1ngel Torres, de sexto, y Gleidy Espinal, de cuarto.<\/p>\n<p>La nota expresa que todos esos estudiantes tuvieron que pasar las pruebas en las competencias distritales, regionales y nacionales para luego ser elegidos como representantes locales.<\/p>\n<p>Datos<\/p>\n<p>El objetivo de esta competencia es promover la participaci\u00f3n de los pa\u00edses de la regi\u00f3n en concursos ol\u00edmpicos de matem\u00e1ticas, adem\u00e1s de identificar j\u00f3venes con talento para esta disciplina y fomentar el intercambio de experiencias acad\u00e9micas para fortalecer las relaciones bilaterales.<\/p>\n<p>Las reglas establecen que los participantes no deben haber cumplido los 16 a\u00f1os, no pueden haber participado m\u00e1s de una vez, no haber participado en la Olimp\u00edada Iberoamericana de Matem\u00e1tica o en la Olimp\u00edada Internacional de Matem\u00e1tica, adem\u00e1s de no haberse matriculado en una universidad.<\/p>\n<p>Los premios consisten en medallas de oro, plata y bronce, menciones honor\u00edficas y entregas especiales. Todos los ganadores tambi\u00e9n reciben un diploma que los certifica como victoriosos del concurso.<\/p>\n<p>Participaci\u00f3n dominicana<\/p>\n<p>La primera participaci\u00f3n de la Rep\u00fablica Dominicana en las Olimpiadas de Matem\u00e1ticas de Centro Am\u00e9rica y el Caribe fue en 1999, cuando se celebraron en Costa Rica. Los primeros reconocimientos los recibieron los estudiantes Wendy Mej\u00eda Mercedes y Caled de la Cruz Paulino en la versi\u00f3n IX en M\u00e9rida (Venezuela).<\/p>\n<p>En el 2013, en la XV Olimpiada de Matem\u00e1tica de Centroam\u00e9rica y el Caribe celebrada en Nicaragua, los dominicanos ganaron la copa El Salvador, uno de los premios m\u00e1s codiciados porque representa al pa\u00eds que ha obtenido el mayor crecimiento relativo en las \u00faltimas entregas.<\/p>\n","protected":false},"excerpt":{"rendered":"<p>SANTO DOMINGO.-El Ministerio de Educaci\u00f3n de la Rep\u00fablica Dominicana, anunci\u00f3 que se celebrar\u00e1 en nuestro pa\u00eds la XXI Olimpiada de Matem\u00e1tica de Centroam\u00e9rica y el Caribe desde este lunes 17 hasta el viernes 21 de junio, con la participaci\u00f3n de delegaciones estudiantiles de de delegaciones estudiantiles de 13 pa\u00edses. El MINERD es la instituci\u00f3n que encabeza la gesti\u00f3n del evento y\u00a0contar\u00e1 con m\u00e1s de 150 estudiantes, jueces, tutores e invitados especiales entre ellos representantes de Colombia, Puerto Rico, Guatemala, Cuba, Jamaica, Hait\u00ed, Honduras, Venezuela, Panam\u00e1, Nicaragua, El Salvador, M\u00e9xico, Costa y Rep\u00fablica Dominicana como pa\u00eds anfitri\u00f3n. Una nota de prensa del Ministerio de Educaci\u00f3n indica que la delegaci\u00f3n nacional est\u00e1 compuesta por los estudiantes Amelia G\u00f3mez, de cuarto grado de secundaria; \u00c1ngel Ure\u00f1a, de quinto; \u00c1ngel Torres, de sexto, y Gleidy Espinal, de cuarto. La nota expresa que todos esos estudiantes tuvieron que pasar las pruebas en las competencias distritales, regionales y nacionales para luego ser elegidos como representantes locales. Datos El objetivo de esta competencia es promover la participaci\u00f3n de los pa\u00edses de la regi\u00f3n en concursos ol\u00edmpicos de matem\u00e1ticas, adem\u00e1s de identificar j\u00f3venes con talento para esta disciplina y fomentar el intercambio de experiencias acad\u00e9micas para fortalecer las relaciones bilaterales. Las reglas establecen que los participantes no deben haber cumplido los 16 a\u00f1os, no pueden haber participado m\u00e1s de una vez, no haber participado en la Olimp\u00edada Iberoamericana de Matem\u00e1tica o en la Olimp\u00edada Internacional de Matem\u00e1tica, adem\u00e1s de no haberse matriculado en una universidad. Los premios consisten en medallas de oro, plata y bronce, menciones honor\u00edficas y entregas especiales. Todos los ganadores tambi\u00e9n reciben un diploma que los certifica como victoriosos del concurso. Participaci\u00f3n dominicana La primera participaci\u00f3n de la Rep\u00fablica Dominicana en las Olimpiadas de Matem\u00e1ticas de Centro Am\u00e9rica y el Caribe fue en 1999, cuando se celebraron en Costa Rica. Los primeros reconocimientos los recibieron los estudiantes Wendy Mej\u00eda Mercedes y Caled de la Cruz Paulino en la versi\u00f3n IX en M\u00e9rida (Venezuela). En el 2013, en la XV Olimpiada de Matem\u00e1tica de Centroam\u00e9rica y el Caribe celebrada en Nicaragua, los dominicanos ganaron la copa El Salvador, uno de los premios m\u00e1s codiciados porque representa al pa\u00eds que ha obtenido el mayor crecimiento relativo en las \u00faltimas entregas.<\/p>\n","protected":false},"author":8,"featured_media":91721,"comment_status":"open","ping_status":"open","sticky":false,"template":"","format":"standard","meta":{"om_disable_all_campaigns":false,"footnotes":""},"categories":[155],"tags":[],"class_list":["post-91720","post","type-post","status-publish","format-standard","has-post-thumbnail","hentry","category-educacion"],"_links":{"self":[{"href":"https:\/\/conexiondigital.com.do\/index.php\/wp-json\/wp\/v2\/posts\/91720","targetHints":{"allow":["GET"]}}],"collection":[{"href":"https:\/\/conexiondigital.com.do\/index.php\/wp-json\/wp\/v2\/posts"}],"about":[{"href":"https:\/\/conexiondigital.com.do\/index.php\/wp-json\/wp\/v2\/types\/post"}],"author":[{"embeddable":true,"href":"https:\/\/conexiondigital.com.do\/index.php\/wp-json\/wp\/v2\/users\/8"}],"replies":[{"embeddable":true,"href":"https:\/\/conexiondigital.com.do\/index.php\/wp-json\/wp\/v2\/comments?post=91720"}],"version-history":[{"count":1,"href":"https:\/\/conexiondigital.com.do\/index.php\/wp-json\/wp\/v2\/posts\/91720\/revisions"}],"predecessor-version":[{"id":91722,"href":"https:\/\/conexiondigital.com.do\/index.php\/wp-json\/wp\/v2\/posts\/91720\/revisions\/91722"}],"wp:featuredmedia":[{"embeddable":true,"href":"https:\/\/conexiondigital.com.do\/index.php\/wp-json\/wp\/v2\/media\/91721"}],"wp:attachment":[{"href":"https:\/\/conexiondigital.com.do\/index.php\/wp-json\/wp\/v2\/media?parent=91720"}],"wp:term":[{"taxonomy":"category","embeddable":true,"href":"https:\/\/conexiondigital.com.do\/index.php\/wp-json\/wp\/v2\/categories?post=91720"},{"taxonomy":"post_tag","embeddable":true,"href":"https:\/\/conexiondigital.com.do\/index.php\/wp-json\/wp\/v2\/tags?post=91720"}],"curies":[{"name":"wp","href":"https:\/\/api.w.org\/{rel}","templated":true}]}}