{"id":91815,"date":"2019-06-18T10:03:35","date_gmt":"2019-06-18T14:03:35","guid":{"rendered":"http:\/\/conexiondigital.com.do\/?p=91815"},"modified":"2019-06-18T10:03:35","modified_gmt":"2019-06-18T14:03:35","slug":"emma-polanco-afirma-uasd-esta-en-mejor-disposicion-de-instalacion-centro-regional-en-azua","status":"publish","type":"post","link":"https:\/\/conexiondigital.com.do\/index.php\/2019\/06\/18\/emma-polanco-afirma-uasd-esta-en-mejor-disposicion-de-instalacion-centro-regional-en-azua\/","title":{"rendered":"Emma Polanco afirma UASD est\u00e1 en mejor disposici\u00f3n de instalaci\u00f3n centro regional en Azua"},"content":{"rendered":"<p><img loading=\"lazy\" decoding=\"async\" class=\" wp-image-91816 alignleft\" src=\"https:\/\/images.conexiondigital.com.do\/wp-content\/uploads\/wp-content\/uploads\/2019\/06\/UASD-1-1024x550-800x430.jpg\" alt=\"\" width=\"485\" height=\"261\" \/>AZUA.- La rectora de la Universidad Aut\u00f3noma de Santo Domingo (UASD), Emma Polanco indic\u00f3 que esa academia est\u00e1 en la mayor disposici\u00f3n de que se instale una extensi\u00f3n en esta provincia.<\/p>\n<p>Polanco se\u00f1al\u00f3 en un encuentro organizado por el Concejo de Organizaciones por el Desarrollo de Azua (CODESA), que solo tendr\u00edan que examinar si est\u00e1n las condiciones para la instalaci\u00f3n de la extensi\u00f3n en la provincia, indica un comunicado del Ayuntamiento de Azua.<\/p>\n<p>La rectora de la UASD indic\u00f3 que la academia s\u00f3lo recibe 8,200 millones de pesos con los que deben brindarle atenci\u00f3n a la Sede Central y los 18 centros regionales.<\/p>\n<p>En la reuni\u00f3n, en la que participaron el Alcalde Rafael Hidalgo, el senador Rafael Calder\u00f3n, y el diputado Luis Vargas, Polanco indic\u00f3 que tras escuchar al cuerpo de vice rectores, la extensi\u00f3n de la UASD en Azua ser\u00e1 una realidad.<\/p>\n<p>La titular de la UASD agreg\u00f3 que crear\u00e1n dos comisiones una de Azua y otra de la Universidad, a fin de que realicen investigaciones para establecer la cantidad de estudiantes, obras de infraestructura requeridas y las carreras que impartir\u00e1n para colaborar en el desarrollo de la regi\u00f3n.<\/p>\n<p>De su lado, el senador Rafael Calder\u00f3n indic\u00f3 que el inicio del proyecto tendr\u00eda un costo de 100 millones de pesos, adem\u00e1s de 50 millones adicionales para el mantenimiento mensual del centro regional, de acuerdo a lo expresado por Polanco.<\/p>\n<p>El congresista manifest\u00f3 adem\u00e1s que Azua tiene locales que podr\u00edan ser empleados de forma provisional para el funcionamiento de la extensi\u00f3n.<\/p>\n<p>En tanto que el alcalde Rafael Hidalgo indic\u00f3 que ha sido un sue\u00f1o de los azuanos tener una extensi\u00f3n por m\u00e1s de 40 a\u00f1os.<\/p>\n<p>En el acto, el Concejo de Regidores declar\u00f3 como Hu\u00e9sped Distinguida a la se\u00f1ora rectora.<\/p>\n","protected":false},"excerpt":{"rendered":"<p>AZUA.- La rectora de la Universidad Aut\u00f3noma de Santo Domingo (UASD), Emma Polanco indic\u00f3 que esa academia est\u00e1 en la mayor disposici\u00f3n de que se instale una extensi\u00f3n en esta provincia. Polanco se\u00f1al\u00f3 en un encuentro organizado por el Concejo de Organizaciones por el Desarrollo de Azua (CODESA), que solo tendr\u00edan que examinar si est\u00e1n las condiciones para la instalaci\u00f3n de la extensi\u00f3n en la provincia, indica un comunicado del Ayuntamiento de Azua. La rectora de la UASD indic\u00f3 que la academia s\u00f3lo recibe 8,200 millones de pesos con los que deben brindarle atenci\u00f3n a la Sede Central y los 18 centros regionales. En la reuni\u00f3n, en la que participaron el Alcalde Rafael Hidalgo, el senador Rafael Calder\u00f3n, y el diputado Luis Vargas, Polanco indic\u00f3 que tras escuchar al cuerpo de vice rectores, la extensi\u00f3n de la UASD en Azua ser\u00e1 una realidad. La titular de la UASD agreg\u00f3 que crear\u00e1n dos comisiones una de Azua y otra de la Universidad, a fin de que realicen investigaciones para establecer la cantidad de estudiantes, obras de infraestructura requeridas y las carreras que impartir\u00e1n para colaborar en el desarrollo de la regi\u00f3n. De su lado, el senador Rafael Calder\u00f3n indic\u00f3 que el inicio del proyecto tendr\u00eda un costo de 100 millones de pesos, adem\u00e1s de 50 millones adicionales para el mantenimiento mensual del centro regional, de acuerdo a lo expresado por Polanco. El congresista manifest\u00f3 adem\u00e1s que Azua tiene locales que podr\u00edan ser empleados de forma provisional para el funcionamiento de la extensi\u00f3n. En tanto que el alcalde Rafael Hidalgo indic\u00f3 que ha sido un sue\u00f1o de los azuanos tener una extensi\u00f3n por m\u00e1s de 40 a\u00f1os. En el acto, el Concejo de Regidores declar\u00f3 como Hu\u00e9sped Distinguida a la se\u00f1ora rectora.<\/p>\n","protected":false},"author":8,"featured_media":91816,"comment_status":"open","ping_status":"open","sticky":false,"template":"","format":"standard","meta":{"om_disable_all_campaigns":false,"footnotes":""},"categories":[155],"tags":[],"class_list":["post-91815","post","type-post","status-publish","format-standard","has-post-thumbnail","hentry","category-educacion"],"_links":{"self":[{"href":"https:\/\/conexiondigital.com.do\/index.php\/wp-json\/wp\/v2\/posts\/91815","targetHints":{"allow":["GET"]}}],"collection":[{"href":"https:\/\/conexiondigital.com.do\/index.php\/wp-json\/wp\/v2\/posts"}],"about":[{"href":"https:\/\/conexiondigital.com.do\/index.php\/wp-json\/wp\/v2\/types\/post"}],"author":[{"embeddable":true,"href":"https:\/\/conexiondigital.com.do\/index.php\/wp-json\/wp\/v2\/users\/8"}],"replies":[{"embeddable":true,"href":"https:\/\/conexiondigital.com.do\/index.php\/wp-json\/wp\/v2\/comments?post=91815"}],"version-history":[{"count":1,"href":"https:\/\/conexiondigital.com.do\/index.php\/wp-json\/wp\/v2\/posts\/91815\/revisions"}],"predecessor-version":[{"id":91817,"href":"https:\/\/conexiondigital.com.do\/index.php\/wp-json\/wp\/v2\/posts\/91815\/revisions\/91817"}],"wp:featuredmedia":[{"embeddable":true,"href":"https:\/\/conexiondigital.com.do\/index.php\/wp-json\/wp\/v2\/media\/91816"}],"wp:attachment":[{"href":"https:\/\/conexiondigital.com.do\/index.php\/wp-json\/wp\/v2\/media?parent=91815"}],"wp:term":[{"taxonomy":"category","embeddable":true,"href":"https:\/\/conexiondigital.com.do\/index.php\/wp-json\/wp\/v2\/categories?post=91815"},{"taxonomy":"post_tag","embeddable":true,"href":"https:\/\/conexiondigital.com.do\/index.php\/wp-json\/wp\/v2\/tags?post=91815"}],"curies":[{"name":"wp","href":"https:\/\/api.w.org\/{rel}","templated":true}]}}