{"id":91908,"date":"2019-06-19T08:37:46","date_gmt":"2019-06-19T12:37:46","guid":{"rendered":"http:\/\/conexiondigital.com.do\/?p=91908"},"modified":"2019-06-19T08:38:05","modified_gmt":"2019-06-19T12:38:05","slug":"canciller-reafirma-proposito-convertir-rd-en-estado-maritimo","status":"publish","type":"post","link":"https:\/\/conexiondigital.com.do\/index.php\/2019\/06\/19\/canciller-reafirma-proposito-convertir-rd-en-estado-maritimo\/","title":{"rendered":"Canciller reafirma prop\u00f3sito convertir RD en Estado mar\u00edtimo"},"content":{"rendered":"<p><img loading=\"lazy\" decoding=\"async\" class=\" wp-image-91909 alignleft\" src=\"https:\/\/images.conexiondigital.com.do\/wp-content\/uploads\/wp-content\/uploads\/2019\/06\/0-9.jpg\" alt=\"\" width=\"339\" height=\"287\" \/>Santo Domingo. \u2013\u00a0El ministro de Relaciones Exteriores, Miguel Vargas, afirm\u00f3 que, y por instrucciones del presidente Danilo Medina, una parte importante de la agenda de pol\u00edtica exterior consiste en \u201cpromover nuestros recursos oce\u00e1nicos con el prop\u00f3sito de convertir a Rep\u00fablica Dominicana en un Estado mar\u00edtimo\u201d.<\/p>\n<p>El canciller y el presidente de la Autoridad Nacional de Asuntos Mar\u00edtimos (Anamar), Pascual Prota Henr\u00edquez, encabezaron la conferencia \u201cDe las primeras crisis pesqueras a la gesti\u00f3n integrar del ecosistema marino, 125 a\u00f1os de evaluaci\u00f3n adaptativa\u201d, dictada por el director del Instituto Espa\u00f1ol de Oceanograf\u00eda (IEO), Eduardo Balguer\u00edas Guerra.<\/p>\n<p>El Ministerio de Relaciones Exteriores (Mirex) y la Anamar organizaron esta actividad, celebrada en el auditorio Eduardo Latorre en las instalaciones de la Canciller\u00eda dominicana.<\/p>\n<p>Miguel Vargas record\u00f3 que, en su calidad de canciller, \u00e9l preside la Comisi\u00f3n Nacional de Delimitaci\u00f3n de Fronteras Mar\u00edtimas, creada mediante decreto del Poder Ejecutivo 237-18, la cual, adem\u00e1s, est\u00e1 conformada por el Ministerio de Defensa, la Armada de la Rep\u00fablica Dominicana (ARD), la Consultor\u00eda Jur\u00eddica del Poder Ejecutivo y la Anamar.<\/p>\n<p>Dicha comisi\u00f3n, que est\u00e1 encargada de evaluar el estado de las fronteras mar\u00edtimas del pa\u00eds y presentar recomendaciones al presidente de la Rep\u00fablica. \u201cHa venido trabajando arduamente y entendemos que muy pronto tendremos resultados importantes\u201d, prometi\u00f3 Miguel Vargas.<\/p>\n<p>Al mismo tiempo, mencion\u00f3 los esfuerzos del Mirex para atraer inversiones en infraestructuras, tales como puertos tur\u00edsticos y de carga; parques de energ\u00eda, astilleros y marinas, entre otras. Todo con la intenci\u00f3n de aprovechar la \u00abexcelente posici\u00f3n geogr\u00e1fica de Rep\u00fablica Dominicana\u00bb dentro de una clara estrategia mar\u00edtima nacional.<\/p>\n<p>Habla presidente de Anamar<\/p>\n<p>El presidente de la Anamar, Pascual Prota Henr\u00edquez, indic\u00f3 que con mucha frecuencia, pescadores dominicanos son detenidos faenando de forma ilegal en la Zona Econ\u00f3mica Exclusiva (ZEE) de otras naciones de la regi\u00f3n del Caribe.<\/p>\n<p>Agreg\u00f3 que, en ese contexto, la conferencia del director del IOE, am\u00e9n de constituir un evento cient\u00edfico, debe ser entendida \u201ccomo la se\u00f1alizaci\u00f3n de una ruta que nuestro atrasado sector pesquero deber\u00e1 transitar con el prop\u00f3sito fundamental de que nuestros pescadores puedan elevar sus niveles de vida, practicando una pesca sostenible y respetuosa del medioambiente\u201d.<\/p>\n","protected":false},"excerpt":{"rendered":"<p>Santo Domingo. \u2013\u00a0El ministro de Relaciones Exteriores, Miguel Vargas, afirm\u00f3 que, y por instrucciones del presidente Danilo Medina, una parte importante de la agenda de pol\u00edtica exterior consiste en \u201cpromover nuestros recursos oce\u00e1nicos con el prop\u00f3sito de convertir a Rep\u00fablica Dominicana en un Estado mar\u00edtimo\u201d. El canciller y el presidente de la Autoridad Nacional de Asuntos Mar\u00edtimos (Anamar), Pascual Prota Henr\u00edquez, encabezaron la conferencia \u201cDe las primeras crisis pesqueras a la gesti\u00f3n integrar del ecosistema marino, 125 a\u00f1os de evaluaci\u00f3n adaptativa\u201d, dictada por el director del Instituto Espa\u00f1ol de Oceanograf\u00eda (IEO), Eduardo Balguer\u00edas Guerra. El Ministerio de Relaciones Exteriores (Mirex) y la Anamar organizaron esta actividad, celebrada en el auditorio Eduardo Latorre en las instalaciones de la Canciller\u00eda dominicana. Miguel Vargas record\u00f3 que, en su calidad de canciller, \u00e9l preside la Comisi\u00f3n Nacional de Delimitaci\u00f3n de Fronteras Mar\u00edtimas, creada mediante decreto del Poder Ejecutivo 237-18, la cual, adem\u00e1s, est\u00e1 conformada por el Ministerio de Defensa, la Armada de la Rep\u00fablica Dominicana (ARD), la Consultor\u00eda Jur\u00eddica del Poder Ejecutivo y la Anamar. Dicha comisi\u00f3n, que est\u00e1 encargada de evaluar el estado de las fronteras mar\u00edtimas del pa\u00eds y presentar recomendaciones al presidente de la Rep\u00fablica. \u201cHa venido trabajando arduamente y entendemos que muy pronto tendremos resultados importantes\u201d, prometi\u00f3 Miguel Vargas. Al mismo tiempo, mencion\u00f3 los esfuerzos del Mirex para atraer inversiones en infraestructuras, tales como puertos tur\u00edsticos y de carga; parques de energ\u00eda, astilleros y marinas, entre otras. Todo con la intenci\u00f3n de aprovechar la \u00abexcelente posici\u00f3n geogr\u00e1fica de Rep\u00fablica Dominicana\u00bb dentro de una clara estrategia mar\u00edtima nacional. Habla presidente de Anamar El presidente de la Anamar, Pascual Prota Henr\u00edquez, indic\u00f3 que con mucha frecuencia, pescadores dominicanos son detenidos faenando de forma ilegal en la Zona Econ\u00f3mica Exclusiva (ZEE) de otras naciones de la regi\u00f3n del Caribe. Agreg\u00f3 que, en ese contexto, la conferencia del director del IOE, am\u00e9n de constituir un evento cient\u00edfico, debe ser entendida \u201ccomo la se\u00f1alizaci\u00f3n de una ruta que nuestro atrasado sector pesquero deber\u00e1 transitar con el prop\u00f3sito fundamental de que nuestros pescadores puedan elevar sus niveles de vida, practicando una pesca sostenible y respetuosa del medioambiente\u201d.<\/p>\n","protected":false},"author":1,"featured_media":91909,"comment_status":"open","ping_status":"open","sticky":false,"template":"","format":"standard","meta":{"om_disable_all_campaigns":false,"footnotes":""},"categories":[15],"tags":[],"class_list":["post-91908","post","type-post","status-publish","format-standard","has-post-thumbnail","hentry","category-nacionales"],"_links":{"self":[{"href":"https:\/\/conexiondigital.com.do\/index.php\/wp-json\/wp\/v2\/posts\/91908","targetHints":{"allow":["GET"]}}],"collection":[{"href":"https:\/\/conexiondigital.com.do\/index.php\/wp-json\/wp\/v2\/posts"}],"about":[{"href":"https:\/\/conexiondigital.com.do\/index.php\/wp-json\/wp\/v2\/types\/post"}],"author":[{"embeddable":true,"href":"https:\/\/conexiondigital.com.do\/index.php\/wp-json\/wp\/v2\/users\/1"}],"replies":[{"embeddable":true,"href":"https:\/\/conexiondigital.com.do\/index.php\/wp-json\/wp\/v2\/comments?post=91908"}],"version-history":[{"count":2,"href":"https:\/\/conexiondigital.com.do\/index.php\/wp-json\/wp\/v2\/posts\/91908\/revisions"}],"predecessor-version":[{"id":91911,"href":"https:\/\/conexiondigital.com.do\/index.php\/wp-json\/wp\/v2\/posts\/91908\/revisions\/91911"}],"wp:featuredmedia":[{"embeddable":true,"href":"https:\/\/conexiondigital.com.do\/index.php\/wp-json\/wp\/v2\/media\/91909"}],"wp:attachment":[{"href":"https:\/\/conexiondigital.com.do\/index.php\/wp-json\/wp\/v2\/media?parent=91908"}],"wp:term":[{"taxonomy":"category","embeddable":true,"href":"https:\/\/conexiondigital.com.do\/index.php\/wp-json\/wp\/v2\/categories?post=91908"},{"taxonomy":"post_tag","embeddable":true,"href":"https:\/\/conexiondigital.com.do\/index.php\/wp-json\/wp\/v2\/tags?post=91908"}],"curies":[{"name":"wp","href":"https:\/\/api.w.org\/{rel}","templated":true}]}}