{"id":91922,"date":"2019-06-19T09:15:12","date_gmt":"2019-06-19T13:15:12","guid":{"rendered":"http:\/\/conexiondigital.com.do\/?p=91922"},"modified":"2019-06-19T09:15:12","modified_gmt":"2019-06-19T13:15:12","slug":"conani-inaugura-remodeladas-instalaciones-oficina-tecnica-regional-yuma-en-la-romana","status":"publish","type":"post","link":"https:\/\/conexiondigital.com.do\/index.php\/2019\/06\/19\/conani-inaugura-remodeladas-instalaciones-oficina-tecnica-regional-yuma-en-la-romana\/","title":{"rendered":"CONANI inaugura remodeladas instalaciones oficina T\u00e9cnica Regional Yuma en La Romana"},"content":{"rendered":"<p><img loading=\"lazy\" decoding=\"async\" class=\" wp-image-91923 alignleft\" src=\"https:\/\/images.conexiondigital.com.do\/wp-content\/uploads\/wp-content\/uploads\/2019\/06\/Inst-image-8-800x532.jpg\" alt=\"\" width=\"467\" height=\"310\" \/>Santo Domingo-La presidenta ejecutiva del Consejo Nacional para la Ni\u00f1ez y Adolescencia (CONANI), Kenia Lora Abreu, inaugur\u00f3 este martes la Oficina T\u00e9cnica Regional Yuma en La Romana, cuyos trabajos de remodelaci\u00f3n, reestructuraci\u00f3n y equipamiento se realizaron para mejorar la calidad de atenci\u00f3n de los casos de la zona en materia de ni\u00f1ez.<\/p>\n<p>Luego de la bendici\u00f3n del padre Cristian Jos\u00e9 Mercedes, la presidenta ejecutiva del CONANI pronunci\u00f3 el discurso central del acto, destacando la importancia del personal t\u00e9cnico de la oficina Regional para el buen servicio a las familias de la comunidad.<\/p>\n<p>El recorrido de las nuevas instalaciones estuvo a cargo de Brendy D\u00edaz, encargada de la oficina Regional T\u00e9cnica de Yuma, la cual cuenta con mobiliarios de oficinas y\u00a0 computadoras nuevas, adem\u00e1s de un sal\u00f3n de reuniones el cual est\u00e1 habilitado para realizar talleres y capacitaciones, esto como parte de las pol\u00edticas internas de la instituci\u00f3n donde es prioridad la infraestructura de todas las Oficinas Regionales y Municipales, adem\u00e1s de los Hogares de Paso y Acogida.<\/p>\n<p>En el acto de inauguraci\u00f3n estuvieron presentes autoridades de la provincia como \u00a0el Dr. Teodoro Ursino Reyes, Gobernador Civil de la Romana; la Licda. Carolina Castro del Rosario, Jueza Presidenta de NNA en Romana; Charlene Pe\u00f1a, Directora General de Rector\u00eda, adem\u00e1s de \u00a0los encargados departamentales del CONANI.<\/p>\n<p>Al final del recorrido los presentes disfrutaron de un bello acto art\u00edstico a cargo de ni\u00f1os y ni\u00f1as de la comunidad.<\/p>\n","protected":false},"excerpt":{"rendered":"<p>Santo Domingo-La presidenta ejecutiva del Consejo Nacional para la Ni\u00f1ez y Adolescencia (CONANI), Kenia Lora Abreu, inaugur\u00f3 este martes la Oficina T\u00e9cnica Regional Yuma en La Romana, cuyos trabajos de remodelaci\u00f3n, reestructuraci\u00f3n y equipamiento se realizaron para mejorar la calidad de atenci\u00f3n de los casos de la zona en materia de ni\u00f1ez. Luego de la bendici\u00f3n del padre Cristian Jos\u00e9 Mercedes, la presidenta ejecutiva del CONANI pronunci\u00f3 el discurso central del acto, destacando la importancia del personal t\u00e9cnico de la oficina Regional para el buen servicio a las familias de la comunidad. El recorrido de las nuevas instalaciones estuvo a cargo de Brendy D\u00edaz, encargada de la oficina Regional T\u00e9cnica de Yuma, la cual cuenta con mobiliarios de oficinas y\u00a0 computadoras nuevas, adem\u00e1s de un sal\u00f3n de reuniones el cual est\u00e1 habilitado para realizar talleres y capacitaciones, esto como parte de las pol\u00edticas internas de la instituci\u00f3n donde es prioridad la infraestructura de todas las Oficinas Regionales y Municipales, adem\u00e1s de los Hogares de Paso y Acogida. En el acto de inauguraci\u00f3n estuvieron presentes autoridades de la provincia como \u00a0el Dr. Teodoro Ursino Reyes, Gobernador Civil de la Romana; la Licda. Carolina Castro del Rosario, Jueza Presidenta de NNA en Romana; Charlene Pe\u00f1a, Directora General de Rector\u00eda, adem\u00e1s de \u00a0los encargados departamentales del CONANI. Al final del recorrido los presentes disfrutaron de un bello acto art\u00edstico a cargo de ni\u00f1os y ni\u00f1as de la comunidad.<\/p>\n","protected":false},"author":8,"featured_media":91923,"comment_status":"open","ping_status":"open","sticky":false,"template":"","format":"standard","meta":{"om_disable_all_campaigns":false,"footnotes":""},"categories":[15],"tags":[],"class_list":["post-91922","post","type-post","status-publish","format-standard","has-post-thumbnail","hentry","category-nacionales"],"_links":{"self":[{"href":"https:\/\/conexiondigital.com.do\/index.php\/wp-json\/wp\/v2\/posts\/91922","targetHints":{"allow":["GET"]}}],"collection":[{"href":"https:\/\/conexiondigital.com.do\/index.php\/wp-json\/wp\/v2\/posts"}],"about":[{"href":"https:\/\/conexiondigital.com.do\/index.php\/wp-json\/wp\/v2\/types\/post"}],"author":[{"embeddable":true,"href":"https:\/\/conexiondigital.com.do\/index.php\/wp-json\/wp\/v2\/users\/8"}],"replies":[{"embeddable":true,"href":"https:\/\/conexiondigital.com.do\/index.php\/wp-json\/wp\/v2\/comments?post=91922"}],"version-history":[{"count":1,"href":"https:\/\/conexiondigital.com.do\/index.php\/wp-json\/wp\/v2\/posts\/91922\/revisions"}],"predecessor-version":[{"id":91924,"href":"https:\/\/conexiondigital.com.do\/index.php\/wp-json\/wp\/v2\/posts\/91922\/revisions\/91924"}],"wp:featuredmedia":[{"embeddable":true,"href":"https:\/\/conexiondigital.com.do\/index.php\/wp-json\/wp\/v2\/media\/91923"}],"wp:attachment":[{"href":"https:\/\/conexiondigital.com.do\/index.php\/wp-json\/wp\/v2\/media?parent=91922"}],"wp:term":[{"taxonomy":"category","embeddable":true,"href":"https:\/\/conexiondigital.com.do\/index.php\/wp-json\/wp\/v2\/categories?post=91922"},{"taxonomy":"post_tag","embeddable":true,"href":"https:\/\/conexiondigital.com.do\/index.php\/wp-json\/wp\/v2\/tags?post=91922"}],"curies":[{"name":"wp","href":"https:\/\/api.w.org\/{rel}","templated":true}]}}