{"id":92263,"date":"2019-06-27T14:48:50","date_gmt":"2019-06-27T18:48:50","guid":{"rendered":"http:\/\/conexiondigital.com.do\/?p=92263"},"modified":"2019-06-27T14:48:50","modified_gmt":"2019-06-27T18:48:50","slug":"ministro-de-educacion-antonio-pena-mirabal-llama-emular-vida-del-profesor-bosch","status":"publish","type":"post","link":"https:\/\/conexiondigital.com.do\/index.php\/2019\/06\/27\/ministro-de-educacion-antonio-pena-mirabal-llama-emular-vida-del-profesor-bosch\/","title":{"rendered":"Ministro de Educaci\u00f3n Antonio Pe\u00f1a Mirabal llama emular vida del profesor Bosch"},"content":{"rendered":"<p><img loading=\"lazy\" decoding=\"async\" class=\" wp-image-92264 alignleft\" src=\"https:\/\/images.conexiondigital.com.do\/wp-content\/uploads\/wp-content\/uploads\/2019\/06\/minerd-1024x550-800x430.jpg\" alt=\"\" width=\"430\" height=\"231\" \/>SANTO DOMINGO.- El ministro de Educaci\u00f3n, Antonio Pe\u00f1a Mirabal, encabez\u00f3 hoy un izamiento de bandera en la plazoleta Pedro Henr\u00edquez Ure\u00f1a del Minerd, en honor al 110 aniversario del profesor Juan Bosch, escenario en el que llam\u00f3 a emular la vida del expresidente de la Rep\u00fablica, y educador.<\/p>\n<p>Pe\u00f1a Mirabal indic\u00f3 que Bosch fue un \u201chombre \u00edntegro y consagrado al servicio de la naci\u00f3n, especialmente a los m\u00e1s despose\u00eddos, con un sentido constructor de una mejor naci\u00f3n\u201d.<\/p>\n<p>Un comunicado del Ministerio se\u00f1ala que al dirigirse ante decenas de funcionarios y empleados del Minerd, as\u00ed como de directivos de la Fundaci\u00f3n Juan Bosch, encabezados por su vicepresidente ejecutivo Mat\u00edas Bosch, el ministro Pe\u00f1a Mirabal destac\u00f3 la sencillez, dignidad y honradez a toda prueba que en vida exhibi\u00f3 el recordado maestro ciudadano, pol\u00edtico y laureado escritor.<\/p>\n<p>El ministro de Educaci\u00f3n exhort\u00f3 a los funcionarios y al resto de los empleados del Minerd, a desarrollar sus tareas en la administraci\u00f3n p\u00fablica con la responsabilidad, compromiso e integridad \u201cque nos leg\u00f3 el querido profesor Bosch, con su permanente mensaje de que al Estado se va a servir, nunca a servirse, a darlo todo por la naci\u00f3n y los m\u00e1s necesitados\u201d.<\/p>\n<p>Expuso que con el sencillo acto de izamiento de la bandera nacional y del Minerd, \u201creconocemos a un hombre que dedic\u00f3 su vida al servicio de las nobles causas de su pa\u00eds y de los pueblos del mundo. Gratitud eterna a don Juan por sus grandes ejemplos, quien, al igual que nuestro presidente Danilo Medina, se involucraba con notable, con la poblaci\u00f3n m\u00e1s pobre, hablaba personalmente con ellos y los escuchaba con\u00a0 sensibilidad social\u201d.<\/p>\n<p>Tras advertir que la honestidad se comprueba cuando se administran los recursos p\u00fablicos de manera incuestionable como lo hizo el profesor Bosch, Pe\u00f1a Mirabal cerr\u00f3 su breve discurso dirigi\u00e9ndose al sacerdote Mario de la Cruz, con una frase del evangelio correspondiente a este d\u00eda: Padre Mario, el evangelio de hoy hace alusi\u00f3n a los que construyen sobre arena y los que construyen sobre roca. Los que construyen sobre arena, vienen las lluvias, crecen los r\u00edos y se lleva la casa, pero los que construyen sobre roca, vienen las lluvias, crecen los r\u00edos y la casa perdura\u201d.<\/p>\n<p>En tanto que, Mat\u00edas Bosch, vicepresidente de la Fundaci\u00f3n Juan Bosch, realiz\u00f3 una breve rese\u00f1a de la vida del fenecido l\u00edder pol\u00edtico, en la que llam\u00f3 a convertir el pensamiento del l\u00edder pol\u00edtico, educador y reconocido escritor, en el quehacer de la cotidianidad de cada dominicano, siempre pensamiento en la construcci\u00f3n de una mejor naci\u00f3n.<\/p>\n<p>Asimismo, el sacerdote Mario de la Cruz, vicario episcopal de educaci\u00f3n de la Arquidi\u00f3cesis de Santo Domingo, plante\u00f3 la necesidad de que la formaci\u00f3n en valores sea parte intr\u00ednseca de la educaci\u00f3n en las escuelas, \u201cpues solo as\u00ed, con esos valores humanos y espirituales, podremos construir una nueva sociedad\u201d.<\/p>\n<p>A la actividad, tambi\u00e9n con motivo de celebrarse ma\u00f1ana el D\u00eda Nacional del Maestro, asistieron viceministros Ram\u00f3n Valerio, Luis De Le\u00f3n y Rafael Dar\u00edo Rodr\u00edguez; Henry Santos, coordinador del Gabinete Ministerial; y los directores Ana Teresa Mer\u00e1n, de Cultura; Mary Kasse, de Cooperaci\u00f3n Internacional, y Yuri Rodr\u00edguez, del Instituto Nacional de Bienestar Magisterial (INABIMA), y Di\u00f3medes N\u00fa\u00f1ez Polanco, de la Biblioteca Nacional, entre otros funcionarios y personalidades invitadas.<\/p>\n","protected":false},"excerpt":{"rendered":"<p>SANTO DOMINGO.- El ministro de Educaci\u00f3n, Antonio Pe\u00f1a Mirabal, encabez\u00f3 hoy un izamiento de bandera en la plazoleta Pedro Henr\u00edquez Ure\u00f1a del Minerd, en honor al 110 aniversario del profesor Juan Bosch, escenario en el que llam\u00f3 a emular la vida del expresidente de la Rep\u00fablica, y educador. Pe\u00f1a Mirabal indic\u00f3 que Bosch fue un \u201chombre \u00edntegro y consagrado al servicio de la naci\u00f3n, especialmente a los m\u00e1s despose\u00eddos, con un sentido constructor de una mejor naci\u00f3n\u201d. Un comunicado del Ministerio se\u00f1ala que al dirigirse ante decenas de funcionarios y empleados del Minerd, as\u00ed como de directivos de la Fundaci\u00f3n Juan Bosch, encabezados por su vicepresidente ejecutivo Mat\u00edas Bosch, el ministro Pe\u00f1a Mirabal destac\u00f3 la sencillez, dignidad y honradez a toda prueba que en vida exhibi\u00f3 el recordado maestro ciudadano, pol\u00edtico y laureado escritor. El ministro de Educaci\u00f3n exhort\u00f3 a los funcionarios y al resto de los empleados del Minerd, a desarrollar sus tareas en la administraci\u00f3n p\u00fablica con la responsabilidad, compromiso e integridad \u201cque nos leg\u00f3 el querido profesor Bosch, con su permanente mensaje de que al Estado se va a servir, nunca a servirse, a darlo todo por la naci\u00f3n y los m\u00e1s necesitados\u201d. Expuso que con el sencillo acto de izamiento de la bandera nacional y del Minerd, \u201creconocemos a un hombre que dedic\u00f3 su vida al servicio de las nobles causas de su pa\u00eds y de los pueblos del mundo. Gratitud eterna a don Juan por sus grandes ejemplos, quien, al igual que nuestro presidente Danilo Medina, se involucraba con notable, con la poblaci\u00f3n m\u00e1s pobre, hablaba personalmente con ellos y los escuchaba con\u00a0 sensibilidad social\u201d. Tras advertir que la honestidad se comprueba cuando se administran los recursos p\u00fablicos de manera incuestionable como lo hizo el profesor Bosch, Pe\u00f1a Mirabal cerr\u00f3 su breve discurso dirigi\u00e9ndose al sacerdote Mario de la Cruz, con una frase del evangelio correspondiente a este d\u00eda: Padre Mario, el evangelio de hoy hace alusi\u00f3n a los que construyen sobre arena y los que construyen sobre roca. Los que construyen sobre arena, vienen las lluvias, crecen los r\u00edos y se lleva la casa, pero los que construyen sobre roca, vienen las lluvias, crecen los r\u00edos y la casa perdura\u201d. En tanto que, Mat\u00edas Bosch, vicepresidente de la Fundaci\u00f3n Juan Bosch, realiz\u00f3 una breve rese\u00f1a de la vida del fenecido l\u00edder pol\u00edtico, en la que llam\u00f3 a convertir el pensamiento del l\u00edder pol\u00edtico, educador y reconocido escritor, en el quehacer de la cotidianidad de cada dominicano, siempre pensamiento en la construcci\u00f3n de una mejor naci\u00f3n. Asimismo, el sacerdote Mario de la Cruz, vicario episcopal de educaci\u00f3n de la Arquidi\u00f3cesis de Santo Domingo, plante\u00f3 la necesidad de que la formaci\u00f3n en valores sea parte intr\u00ednseca de la educaci\u00f3n en las escuelas, \u201cpues solo as\u00ed, con esos valores humanos y espirituales, podremos construir una nueva sociedad\u201d. A la actividad, tambi\u00e9n con motivo de celebrarse ma\u00f1ana el D\u00eda Nacional del Maestro, asistieron viceministros Ram\u00f3n Valerio, Luis De Le\u00f3n y Rafael Dar\u00edo Rodr\u00edguez; Henry Santos, coordinador del Gabinete Ministerial; y los directores Ana Teresa Mer\u00e1n, de Cultura; Mary Kasse, de Cooperaci\u00f3n Internacional, y Yuri Rodr\u00edguez, del Instituto Nacional de Bienestar Magisterial (INABIMA), y Di\u00f3medes N\u00fa\u00f1ez Polanco, de la Biblioteca Nacional, entre otros funcionarios y personalidades invitadas.<\/p>\n","protected":false},"author":8,"featured_media":92264,"comment_status":"open","ping_status":"open","sticky":false,"template":"","format":"standard","meta":{"om_disable_all_campaigns":false,"footnotes":""},"categories":[155],"tags":[],"class_list":["post-92263","post","type-post","status-publish","format-standard","has-post-thumbnail","hentry","category-educacion"],"_links":{"self":[{"href":"https:\/\/conexiondigital.com.do\/index.php\/wp-json\/wp\/v2\/posts\/92263","targetHints":{"allow":["GET"]}}],"collection":[{"href":"https:\/\/conexiondigital.com.do\/index.php\/wp-json\/wp\/v2\/posts"}],"about":[{"href":"https:\/\/conexiondigital.com.do\/index.php\/wp-json\/wp\/v2\/types\/post"}],"author":[{"embeddable":true,"href":"https:\/\/conexiondigital.com.do\/index.php\/wp-json\/wp\/v2\/users\/8"}],"replies":[{"embeddable":true,"href":"https:\/\/conexiondigital.com.do\/index.php\/wp-json\/wp\/v2\/comments?post=92263"}],"version-history":[{"count":1,"href":"https:\/\/conexiondigital.com.do\/index.php\/wp-json\/wp\/v2\/posts\/92263\/revisions"}],"predecessor-version":[{"id":92265,"href":"https:\/\/conexiondigital.com.do\/index.php\/wp-json\/wp\/v2\/posts\/92263\/revisions\/92265"}],"wp:featuredmedia":[{"embeddable":true,"href":"https:\/\/conexiondigital.com.do\/index.php\/wp-json\/wp\/v2\/media\/92264"}],"wp:attachment":[{"href":"https:\/\/conexiondigital.com.do\/index.php\/wp-json\/wp\/v2\/media?parent=92263"}],"wp:term":[{"taxonomy":"category","embeddable":true,"href":"https:\/\/conexiondigital.com.do\/index.php\/wp-json\/wp\/v2\/categories?post=92263"},{"taxonomy":"post_tag","embeddable":true,"href":"https:\/\/conexiondigital.com.do\/index.php\/wp-json\/wp\/v2\/tags?post=92263"}],"curies":[{"name":"wp","href":"https:\/\/api.w.org\/{rel}","templated":true}]}}