{"id":92330,"date":"2019-06-28T12:17:04","date_gmt":"2019-06-28T16:17:04","guid":{"rendered":"http:\/\/conexiondigital.com.do\/?p=92330"},"modified":"2019-06-28T12:17:04","modified_gmt":"2019-06-28T16:17:04","slug":"educacion-integra-a-las-iglesias-a-comision-de-politica-de-genero-y-dice-no-tiene-agendas-ocultas","status":"publish","type":"post","link":"https:\/\/conexiondigital.com.do\/index.php\/2019\/06\/28\/educacion-integra-a-las-iglesias-a-comision-de-politica-de-genero-y-dice-no-tiene-agendas-ocultas\/","title":{"rendered":"Educaci\u00f3n integra a las iglesias a comisi\u00f3n de pol\u00edtica de g\u00e9nero y dice \u201cno tiene agendas ocultas\u201d"},"content":{"rendered":"<p><img loading=\"lazy\" decoding=\"async\" class=\" wp-image-92331 alignleft\" src=\"https:\/\/images.conexiondigital.com.do\/wp-content\/uploads\/wp-content\/uploads\/2019\/06\/phpThumb_generated_thumbnail-1.jpeg\" alt=\"\" width=\"475\" height=\"261\" \/>El Ministro de Educaci\u00f3n, Antonio Pe\u00f1a Mirabal, cedi\u00f3 sobre el debate planteado en torno a la pol\u00edtica de g\u00e9nero que pretende impulsar, e integr\u00f3 a los trabajos a la Conferencia del Episcopado Dominicano; a la mesa de di\u00e1logo de la representaci\u00f3n cristiana y a la Asociaci\u00f3n Dominicana de Profesores (ADP).<\/p>\n<p>Pe\u00f1a Mirabal inform\u00f3 que tambi\u00e9n se incluir\u00e1n a la Asociaci\u00f3n de Padres, Madres y Amigos de la Escuela (Apmae), la Asociaci\u00f3n de Instituciones Educativas Privadas y la Uni\u00f3n Dominicana de Instituciones Educativas Privadas.<\/p>\n<p>El funcionario dio garant\u00edas, en una misa en la iglesia La Altagracia en la Ciudad Colonial, que no se impulsar\u00e1 \u201cel tema de la ideolog\u00eda de g\u00e9nero\u201d. Insisti\u00f3 en que ni \u00e9l, como ministro, ni el equipo de colaboradores y viceministros que le acompa\u00f1a, tiene \u201cagendas ocultas\u201d.<\/p>\n<p>\u201cHoy estar\u00e9 firmando la resoluci\u00f3n n\u00famero 072019 mediante la cual esa comisi\u00f3n queda integrada adem\u00e1s de los integrantes de la orden 332019 por otras comisiones de nuestra sociedad\u201d, revel\u00f3 Pe\u00f1a Mirabal luego de una eucarist\u00eda con motivo del d\u00eda del maestro.<\/p>\n<p>Pe\u00f1a Mirabal dijo que en uno de los p\u00e1rrafos de la mencionada resoluci\u00f3n se indica que cualquier otra entidad que la Comisi\u00f3n considere que debe ser acogida puede formar parte de la misma.<\/p>\n<p>De igual manera, el Ministro de Educaci\u00f3n, precis\u00f3 que esta comisi\u00f3n podr\u00e1 emplear el tiempo que sea necesario para consensuar sobre la metodolog\u00eda y el cronograma de trabajo para el proceso de dise\u00f1o de la pol\u00edtica de equidad de g\u00e9nero del Ministerio en el sistema educativo preuniversitario.<\/p>\n<p>\u201cLa orden establece 60 d\u00edas para el sistema, y nosotros estamos abriendo ese tiempo para que la comisi\u00f3n se tome su tiempo y consulte a los que tenga que consultar y entonces despu\u00e9s que se haya puesto de acuerdo, entreguen el documento final\u201d, expres\u00f3 Pe\u00f1a Mirabal.<\/p>\n","protected":false},"excerpt":{"rendered":"<p>El Ministro de Educaci\u00f3n, Antonio Pe\u00f1a Mirabal, cedi\u00f3 sobre el debate planteado en torno a la pol\u00edtica de g\u00e9nero que pretende impulsar, e integr\u00f3 a los trabajos a la Conferencia del Episcopado Dominicano; a la mesa de di\u00e1logo de la representaci\u00f3n cristiana y a la Asociaci\u00f3n Dominicana de Profesores (ADP). Pe\u00f1a Mirabal inform\u00f3 que tambi\u00e9n se incluir\u00e1n a la Asociaci\u00f3n de Padres, Madres y Amigos de la Escuela (Apmae), la Asociaci\u00f3n de Instituciones Educativas Privadas y la Uni\u00f3n Dominicana de Instituciones Educativas Privadas. El funcionario dio garant\u00edas, en una misa en la iglesia La Altagracia en la Ciudad Colonial, que no se impulsar\u00e1 \u201cel tema de la ideolog\u00eda de g\u00e9nero\u201d. Insisti\u00f3 en que ni \u00e9l, como ministro, ni el equipo de colaboradores y viceministros que le acompa\u00f1a, tiene \u201cagendas ocultas\u201d. \u201cHoy estar\u00e9 firmando la resoluci\u00f3n n\u00famero 072019 mediante la cual esa comisi\u00f3n queda integrada adem\u00e1s de los integrantes de la orden 332019 por otras comisiones de nuestra sociedad\u201d, revel\u00f3 Pe\u00f1a Mirabal luego de una eucarist\u00eda con motivo del d\u00eda del maestro. Pe\u00f1a Mirabal dijo que en uno de los p\u00e1rrafos de la mencionada resoluci\u00f3n se indica que cualquier otra entidad que la Comisi\u00f3n considere que debe ser acogida puede formar parte de la misma. De igual manera, el Ministro de Educaci\u00f3n, precis\u00f3 que esta comisi\u00f3n podr\u00e1 emplear el tiempo que sea necesario para consensuar sobre la metodolog\u00eda y el cronograma de trabajo para el proceso de dise\u00f1o de la pol\u00edtica de equidad de g\u00e9nero del Ministerio en el sistema educativo preuniversitario. \u201cLa orden establece 60 d\u00edas para el sistema, y nosotros estamos abriendo ese tiempo para que la comisi\u00f3n se tome su tiempo y consulte a los que tenga que consultar y entonces despu\u00e9s que se haya puesto de acuerdo, entreguen el documento final\u201d, expres\u00f3 Pe\u00f1a Mirabal.<\/p>\n","protected":false},"author":8,"featured_media":92331,"comment_status":"open","ping_status":"open","sticky":false,"template":"","format":"standard","meta":{"om_disable_all_campaigns":false,"footnotes":""},"categories":[155],"tags":[],"class_list":["post-92330","post","type-post","status-publish","format-standard","has-post-thumbnail","hentry","category-educacion"],"_links":{"self":[{"href":"https:\/\/conexiondigital.com.do\/index.php\/wp-json\/wp\/v2\/posts\/92330","targetHints":{"allow":["GET"]}}],"collection":[{"href":"https:\/\/conexiondigital.com.do\/index.php\/wp-json\/wp\/v2\/posts"}],"about":[{"href":"https:\/\/conexiondigital.com.do\/index.php\/wp-json\/wp\/v2\/types\/post"}],"author":[{"embeddable":true,"href":"https:\/\/conexiondigital.com.do\/index.php\/wp-json\/wp\/v2\/users\/8"}],"replies":[{"embeddable":true,"href":"https:\/\/conexiondigital.com.do\/index.php\/wp-json\/wp\/v2\/comments?post=92330"}],"version-history":[{"count":1,"href":"https:\/\/conexiondigital.com.do\/index.php\/wp-json\/wp\/v2\/posts\/92330\/revisions"}],"predecessor-version":[{"id":92332,"href":"https:\/\/conexiondigital.com.do\/index.php\/wp-json\/wp\/v2\/posts\/92330\/revisions\/92332"}],"wp:featuredmedia":[{"embeddable":true,"href":"https:\/\/conexiondigital.com.do\/index.php\/wp-json\/wp\/v2\/media\/92331"}],"wp:attachment":[{"href":"https:\/\/conexiondigital.com.do\/index.php\/wp-json\/wp\/v2\/media?parent=92330"}],"wp:term":[{"taxonomy":"category","embeddable":true,"href":"https:\/\/conexiondigital.com.do\/index.php\/wp-json\/wp\/v2\/categories?post=92330"},{"taxonomy":"post_tag","embeddable":true,"href":"https:\/\/conexiondigital.com.do\/index.php\/wp-json\/wp\/v2\/tags?post=92330"}],"curies":[{"name":"wp","href":"https:\/\/api.w.org\/{rel}","templated":true}]}}