{"id":92631,"date":"2019-07-04T12:21:57","date_gmt":"2019-07-04T16:21:57","guid":{"rendered":"http:\/\/conexiondigital.com.do\/?p=92631"},"modified":"2019-07-04T12:21:57","modified_gmt":"2019-07-04T16:21:57","slug":"autoridades-del-minerd-reiteran-nunca-entrara-al-ministerio-la-ideologia-de-genero","status":"publish","type":"post","link":"https:\/\/conexiondigital.com.do\/index.php\/2019\/07\/04\/autoridades-del-minerd-reiteran-nunca-entrara-al-ministerio-la-ideologia-de-genero\/","title":{"rendered":"Autoridades del MINERD reiteran nunca entrar\u00e1 al Ministerio la ideolog\u00eda de g\u00e9nero"},"content":{"rendered":"<p><img loading=\"lazy\" decoding=\"async\" class=\" wp-image-92632 alignleft\" src=\"https:\/\/images.conexiondigital.com.do\/wp-content\/uploads\/wp-content\/uploads\/2019\/07\/minerd222-1024x550-800x430.jpg\" alt=\"\" width=\"467\" height=\"251\" \/>SANTO DOMINGO.- Las autoridades del Ministerio de Educaci\u00f3n (MINERD) reiteraron este jueves que la ideolog\u00eda de g\u00e9nero nunca estar\u00e1 en el curriculum, programas o planes de esa instituci\u00f3n.<\/p>\n<p>En una rueda de prensa en las instalaciones del MINERD, Henry Santos, \u00a0coordinador del gabinete ministerial, manifest\u00f3 que \u201cle comunicamos al pa\u00eds, por instrucciones del ministro Antonio Pe\u00f1a Mirabal, que jam\u00e1s, jam\u00e1s, jam\u00e1s, la ideolog\u00eda de g\u00e9nero estar\u00e1 en el curriculum, programas o planes del Ministerio de Educaci\u00f3n\u201d.<\/p>\n<p>Santos agreg\u00f3 que la ideolog\u00eda de g\u00e9nero \u201ces ajena a nuestras costumbres, enemiga de la familia y en nada favorece a la educaci\u00f3n dominicana\u201d.<\/p>\n<p>Manifest\u00f3 adem\u00e1s que \u201cdamos la bienvenida al movimiento No Te Metas con Mis Hijos, y queremos comunicarles, que la preocupaci\u00f3n que ellos tienen es la misma que tiene el Ministerio de Educaci\u00f3n\u201d.<\/p>\n<p>Tras sus declaraciones, Santos y otros funcionarios del Ministerio realizaron una oraci\u00f3n \u201ccomo una forma de vincularnos a los hermanos que est\u00e1n afuera (del MINERD) preocupados tambi\u00e9n por la familia\u201d.<\/p>\n<p>El movimiento \u201cCon Mis Hijos No Te MetasRD\u201d realiza este jueves una manifestaci\u00f3n en las inmediaciones del Ministerio de Educaci\u00f3n, en rechazo a la orden departamental 33-2019 sobre pol\u00edtica de g\u00e9nero.<\/p>\n<p>El pasado martes el ministro de Educaci\u00f3n Antonio Pe\u00f1a Mirabal dijo que el tema de \u201cideolog\u00eda de g\u00e9nero no existe ni existir\u00e1\u201d en ese ministerio, tras aclarar que de lo \u00fanico que se ha hablado es de lo que establece la Constituci\u00f3n, en lo relativo a la igualdad entre el hombre y la mujer.<\/p>\n<p>El funcionario manifest\u00f3 que al emitir la Resoluci\u00f3n 07-2019, en la cual se aclaran algunos aspectos de la orden 33-2019, \u201cel tema ya no es del Ministerio de Educaci\u00f3n, sino de toda la sociedad, representada por las organizaciones que integran la Comisi\u00f3n para dise\u00f1ar el marco metodol\u00f3gico para la elaboraci\u00f3n de la pol\u00edtica de igualdad entre hombre y mujer\u201d.<\/p>\n","protected":false},"excerpt":{"rendered":"<p>SANTO DOMINGO.- Las autoridades del Ministerio de Educaci\u00f3n (MINERD) reiteraron este jueves que la ideolog\u00eda de g\u00e9nero nunca estar\u00e1 en el curriculum, programas o planes de esa instituci\u00f3n. En una rueda de prensa en las instalaciones del MINERD, Henry Santos, \u00a0coordinador del gabinete ministerial, manifest\u00f3 que \u201cle comunicamos al pa\u00eds, por instrucciones del ministro Antonio Pe\u00f1a Mirabal, que jam\u00e1s, jam\u00e1s, jam\u00e1s, la ideolog\u00eda de g\u00e9nero estar\u00e1 en el curriculum, programas o planes del Ministerio de Educaci\u00f3n\u201d. Santos agreg\u00f3 que la ideolog\u00eda de g\u00e9nero \u201ces ajena a nuestras costumbres, enemiga de la familia y en nada favorece a la educaci\u00f3n dominicana\u201d. Manifest\u00f3 adem\u00e1s que \u201cdamos la bienvenida al movimiento No Te Metas con Mis Hijos, y queremos comunicarles, que la preocupaci\u00f3n que ellos tienen es la misma que tiene el Ministerio de Educaci\u00f3n\u201d. Tras sus declaraciones, Santos y otros funcionarios del Ministerio realizaron una oraci\u00f3n \u201ccomo una forma de vincularnos a los hermanos que est\u00e1n afuera (del MINERD) preocupados tambi\u00e9n por la familia\u201d. El movimiento \u201cCon Mis Hijos No Te MetasRD\u201d realiza este jueves una manifestaci\u00f3n en las inmediaciones del Ministerio de Educaci\u00f3n, en rechazo a la orden departamental 33-2019 sobre pol\u00edtica de g\u00e9nero. El pasado martes el ministro de Educaci\u00f3n Antonio Pe\u00f1a Mirabal dijo que el tema de \u201cideolog\u00eda de g\u00e9nero no existe ni existir\u00e1\u201d en ese ministerio, tras aclarar que de lo \u00fanico que se ha hablado es de lo que establece la Constituci\u00f3n, en lo relativo a la igualdad entre el hombre y la mujer. El funcionario manifest\u00f3 que al emitir la Resoluci\u00f3n 07-2019, en la cual se aclaran algunos aspectos de la orden 33-2019, \u201cel tema ya no es del Ministerio de Educaci\u00f3n, sino de toda la sociedad, representada por las organizaciones que integran la Comisi\u00f3n para dise\u00f1ar el marco metodol\u00f3gico para la elaboraci\u00f3n de la pol\u00edtica de igualdad entre hombre y mujer\u201d.<\/p>\n","protected":false},"author":8,"featured_media":92632,"comment_status":"open","ping_status":"open","sticky":false,"template":"","format":"standard","meta":{"om_disable_all_campaigns":false,"footnotes":""},"categories":[155],"tags":[],"class_list":["post-92631","post","type-post","status-publish","format-standard","has-post-thumbnail","hentry","category-educacion"],"_links":{"self":[{"href":"https:\/\/conexiondigital.com.do\/index.php\/wp-json\/wp\/v2\/posts\/92631","targetHints":{"allow":["GET"]}}],"collection":[{"href":"https:\/\/conexiondigital.com.do\/index.php\/wp-json\/wp\/v2\/posts"}],"about":[{"href":"https:\/\/conexiondigital.com.do\/index.php\/wp-json\/wp\/v2\/types\/post"}],"author":[{"embeddable":true,"href":"https:\/\/conexiondigital.com.do\/index.php\/wp-json\/wp\/v2\/users\/8"}],"replies":[{"embeddable":true,"href":"https:\/\/conexiondigital.com.do\/index.php\/wp-json\/wp\/v2\/comments?post=92631"}],"version-history":[{"count":1,"href":"https:\/\/conexiondigital.com.do\/index.php\/wp-json\/wp\/v2\/posts\/92631\/revisions"}],"predecessor-version":[{"id":92633,"href":"https:\/\/conexiondigital.com.do\/index.php\/wp-json\/wp\/v2\/posts\/92631\/revisions\/92633"}],"wp:featuredmedia":[{"embeddable":true,"href":"https:\/\/conexiondigital.com.do\/index.php\/wp-json\/wp\/v2\/media\/92632"}],"wp:attachment":[{"href":"https:\/\/conexiondigital.com.do\/index.php\/wp-json\/wp\/v2\/media?parent=92631"}],"wp:term":[{"taxonomy":"category","embeddable":true,"href":"https:\/\/conexiondigital.com.do\/index.php\/wp-json\/wp\/v2\/categories?post=92631"},{"taxonomy":"post_tag","embeddable":true,"href":"https:\/\/conexiondigital.com.do\/index.php\/wp-json\/wp\/v2\/tags?post=92631"}],"curies":[{"name":"wp","href":"https:\/\/api.w.org\/{rel}","templated":true}]}}