{"id":92698,"date":"2019-07-05T12:11:32","date_gmt":"2019-07-05T16:11:32","guid":{"rendered":"http:\/\/conexiondigital.com.do\/?p=92698"},"modified":"2019-07-05T12:11:32","modified_gmt":"2019-07-05T16:11:32","slug":"ministra-de-la-mujer-afirma-perez-volquez-no-sera-cancelado-por-representar-a-acosta-castellanos","status":"publish","type":"post","link":"https:\/\/conexiondigital.com.do\/index.php\/2019\/07\/05\/ministra-de-la-mujer-afirma-perez-volquez-no-sera-cancelado-por-representar-a-acosta-castellanos\/","title":{"rendered":"Ministra de la Mujer afirma P\u00e9rez V\u00f3lquez no ser\u00e1 cancelado por representar a Acosta Castellanos"},"content":{"rendered":"<p><img loading=\"lazy\" decoding=\"async\" class=\" wp-image-92699 alignleft\" src=\"https:\/\/images.conexiondigital.com.do\/wp-content\/uploads\/wp-content\/uploads\/2019\/07\/janet-1024x550-800x430.jpg\" alt=\"\" width=\"482\" height=\"259\" \/>SANTO DOMINGO.- La ministra de la Mujer, Janet Camilo, dijo este viernes que el abogado Jos\u00e9 P\u00e9rez V\u00f3lquez no merece ser cancelado de esa instituci\u00f3n por haber ostentado la representaci\u00f3n legal del general Jos\u00e9 Acosta Castellanos, acusado de presunto abuso sexual en contra de una menor de edad.<\/p>\n<p>\u201cNosotros hablamos con P\u00e9rez V\u00f3lquez y \u00e9l inmediatamente desisti\u00f3 del caso, de hecho lo hizo p\u00fablico. Ese es nuestro deber como ministra, que inmediatamente cualquier funcionario entre en conflicto con la l\u00ednea del Ministerio, conversamos con ellos para que se adec\u00faen a lo que debe de ser la m\u00edstica del Ministerio de la Mujer\u201d, indic\u00f3 Camilo.<\/p>\n<p>Asimismo, la ministra dijo que el caso del tambi\u00e9n expresidente del Colegio de Abogados debe servir para \u201cconcientizar a los hombres para que ese tema no sea parte de su cartera laboral, sino que, al contrario, usted debe repudiar cualquier caso de esta \u00edndole como abogado y como hombre\u201d.<\/p>\n<p>La funcionaria manifest\u00f3 que esa instituci\u00f3n tiene un compromiso contra el abuso sexual contra menores de edad, al tiempo que indic\u00f3 que trabajan en la erradicaci\u00f3n de las formas legales que permiten el matrimonio infantil.<\/p>\n<p>Sobre el caso de Acosta Castellanos, Camilo manifest\u00f3 que espera que las autoridades realicen las investigaciones de lugar a la madre de la menor, puesto que, a su entender, los padres que permiten esa clase de relaci\u00f3n tambi\u00e9n son responsables.<\/p>\n<p>P\u00e9rez V\u00f3lquez anunci\u00f3 su retiro de la defensa del general en el programa El Sol de la Ma\u00f1ana, que se transmite por\u00a0 Zol 106.5, espacio en el que la periodista Anibelca Rosario critic\u00f3 al jurista, puesto que se desempe\u00f1a como consultor jur\u00eddico en una entidad que tiene la funci\u00f3n de dirigir la pol\u00edtica de g\u00e9nero en Rep\u00fablica Dominicana.<\/p>\n","protected":false},"excerpt":{"rendered":"<p>SANTO DOMINGO.- La ministra de la Mujer, Janet Camilo, dijo este viernes que el abogado Jos\u00e9 P\u00e9rez V\u00f3lquez no merece ser cancelado de esa instituci\u00f3n por haber ostentado la representaci\u00f3n legal del general Jos\u00e9 Acosta Castellanos, acusado de presunto abuso sexual en contra de una menor de edad. \u201cNosotros hablamos con P\u00e9rez V\u00f3lquez y \u00e9l inmediatamente desisti\u00f3 del caso, de hecho lo hizo p\u00fablico. Ese es nuestro deber como ministra, que inmediatamente cualquier funcionario entre en conflicto con la l\u00ednea del Ministerio, conversamos con ellos para que se adec\u00faen a lo que debe de ser la m\u00edstica del Ministerio de la Mujer\u201d, indic\u00f3 Camilo. Asimismo, la ministra dijo que el caso del tambi\u00e9n expresidente del Colegio de Abogados debe servir para \u201cconcientizar a los hombres para que ese tema no sea parte de su cartera laboral, sino que, al contrario, usted debe repudiar cualquier caso de esta \u00edndole como abogado y como hombre\u201d. La funcionaria manifest\u00f3 que esa instituci\u00f3n tiene un compromiso contra el abuso sexual contra menores de edad, al tiempo que indic\u00f3 que trabajan en la erradicaci\u00f3n de las formas legales que permiten el matrimonio infantil. Sobre el caso de Acosta Castellanos, Camilo manifest\u00f3 que espera que las autoridades realicen las investigaciones de lugar a la madre de la menor, puesto que, a su entender, los padres que permiten esa clase de relaci\u00f3n tambi\u00e9n son responsables. P\u00e9rez V\u00f3lquez anunci\u00f3 su retiro de la defensa del general en el programa El Sol de la Ma\u00f1ana, que se transmite por\u00a0 Zol 106.5, espacio en el que la periodista Anibelca Rosario critic\u00f3 al jurista, puesto que se desempe\u00f1a como consultor jur\u00eddico en una entidad que tiene la funci\u00f3n de dirigir la pol\u00edtica de g\u00e9nero en Rep\u00fablica Dominicana.<\/p>\n","protected":false},"author":8,"featured_media":92699,"comment_status":"open","ping_status":"open","sticky":false,"template":"","format":"standard","meta":{"om_disable_all_campaigns":false,"footnotes":""},"categories":[15],"tags":[],"class_list":["post-92698","post","type-post","status-publish","format-standard","has-post-thumbnail","hentry","category-nacionales"],"_links":{"self":[{"href":"https:\/\/conexiondigital.com.do\/index.php\/wp-json\/wp\/v2\/posts\/92698","targetHints":{"allow":["GET"]}}],"collection":[{"href":"https:\/\/conexiondigital.com.do\/index.php\/wp-json\/wp\/v2\/posts"}],"about":[{"href":"https:\/\/conexiondigital.com.do\/index.php\/wp-json\/wp\/v2\/types\/post"}],"author":[{"embeddable":true,"href":"https:\/\/conexiondigital.com.do\/index.php\/wp-json\/wp\/v2\/users\/8"}],"replies":[{"embeddable":true,"href":"https:\/\/conexiondigital.com.do\/index.php\/wp-json\/wp\/v2\/comments?post=92698"}],"version-history":[{"count":1,"href":"https:\/\/conexiondigital.com.do\/index.php\/wp-json\/wp\/v2\/posts\/92698\/revisions"}],"predecessor-version":[{"id":92700,"href":"https:\/\/conexiondigital.com.do\/index.php\/wp-json\/wp\/v2\/posts\/92698\/revisions\/92700"}],"wp:featuredmedia":[{"embeddable":true,"href":"https:\/\/conexiondigital.com.do\/index.php\/wp-json\/wp\/v2\/media\/92699"}],"wp:attachment":[{"href":"https:\/\/conexiondigital.com.do\/index.php\/wp-json\/wp\/v2\/media?parent=92698"}],"wp:term":[{"taxonomy":"category","embeddable":true,"href":"https:\/\/conexiondigital.com.do\/index.php\/wp-json\/wp\/v2\/categories?post=92698"},{"taxonomy":"post_tag","embeddable":true,"href":"https:\/\/conexiondigital.com.do\/index.php\/wp-json\/wp\/v2\/tags?post=92698"}],"curies":[{"name":"wp","href":"https:\/\/api.w.org\/{rel}","templated":true}]}}