{"id":93724,"date":"2019-08-01T09:11:32","date_gmt":"2019-08-01T13:11:32","guid":{"rendered":"http:\/\/conexiondigital.com.do\/?p=93724"},"modified":"2019-08-01T09:11:32","modified_gmt":"2019-08-01T13:11:32","slug":"presidente-cambia-al-ministro-de-economia","status":"publish","type":"post","link":"https:\/\/conexiondigital.com.do\/index.php\/2019\/08\/01\/presidente-cambia-al-ministro-de-economia\/","title":{"rendered":"Presidente cambia al ministro de Econom\u00eda"},"content":{"rendered":"<p><img loading=\"lazy\" decoding=\"async\" class=\" wp-image-93725 alignleft\" src=\"https:\/\/images.conexiondigital.com.do\/wp-content\/uploads\/wp-content\/uploads\/2019\/08\/presidenciametrord-900x600-800x533.jpg\" alt=\"\" width=\"441\" height=\"294\" \/>El presidente Danilo Medina destituy\u00f3 al ministro de Econom\u00eda, Planificaci\u00f3n y Desarrollo, Isidoro Santana y en su lugar design\u00f3 al joven Juan Ariel Jim\u00e9nez N\u00fa\u00f1ez, hijo de F\u00e9lix Jim\u00e9nez (Felucho), presidente de la Refiner\u00eda Dominicana de Petr\u00f3leo (Refidomsa) y exministro de Turismo.<br \/>\nLa medida del jefe de Estado est\u00e1 contenida en el decreto 264-19, dado a conocer en la tarde por el portavoz del Gobierno y director general de Comunicaci\u00f3n, Roberto Rodr\u00edguez Marchena, a trav\u00e9s de su cuenta de la red social Twitter @RodrigMarchena.<br \/>\nLa medida del Poder Ejecutivo se produce horas despu\u00e9s de que Santana, a quien no le fueron asignadas funciones, externara su rechazo a una eventual modificaci\u00f3n constitucional para unificar las elecciones presidenciales, municipales y congresionales, formula que ha sido manejada durante los \u00faltimos d\u00edas por dirigentes pol\u00edticos y legisladores.<\/p>\n<p>El proyecto procurar\u00eda, adem\u00e1s, habilitar al presidente Medina para que se pueda presentarse en las elecciones presidenciales del a\u00f1o 2024.<br \/>\nHoja. En cuanto a Jim\u00e9nez N\u00fa\u00f1ez, era viceministro de Pol\u00edticas de Desarrollo de la Presidencia.<br \/>\nDe acuerdo con su perfil es graduado en econom\u00eda y con estudios superiores (maestr\u00eda) realizados en Harvard Kennedy School.<\/p>\n","protected":false},"excerpt":{"rendered":"<p>El presidente Danilo Medina destituy\u00f3 al ministro de Econom\u00eda, Planificaci\u00f3n y Desarrollo, Isidoro Santana y en su lugar design\u00f3 al joven Juan Ariel Jim\u00e9nez N\u00fa\u00f1ez, hijo de F\u00e9lix Jim\u00e9nez (Felucho), presidente de la Refiner\u00eda Dominicana de Petr\u00f3leo (Refidomsa) y exministro de Turismo. La medida del jefe de Estado est\u00e1 contenida en el decreto 264-19, dado a conocer en la tarde por el portavoz del Gobierno y director general de Comunicaci\u00f3n, Roberto Rodr\u00edguez Marchena, a trav\u00e9s de su cuenta de la red social Twitter @RodrigMarchena. La medida del Poder Ejecutivo se produce horas despu\u00e9s de que Santana, a quien no le fueron asignadas funciones, externara su rechazo a una eventual modificaci\u00f3n constitucional para unificar las elecciones presidenciales, municipales y congresionales, formula que ha sido manejada durante los \u00faltimos d\u00edas por dirigentes pol\u00edticos y legisladores. El proyecto procurar\u00eda, adem\u00e1s, habilitar al presidente Medina para que se pueda presentarse en las elecciones presidenciales del a\u00f1o 2024. Hoja. En cuanto a Jim\u00e9nez N\u00fa\u00f1ez, era viceministro de Pol\u00edticas de Desarrollo de la Presidencia. De acuerdo con su perfil es graduado en econom\u00eda y con estudios superiores (maestr\u00eda) realizados en Harvard Kennedy School.<\/p>\n","protected":false},"author":8,"featured_media":93725,"comment_status":"open","ping_status":"open","sticky":false,"template":"","format":"standard","meta":{"om_disable_all_campaigns":false,"footnotes":""},"categories":[15],"tags":[],"class_list":["post-93724","post","type-post","status-publish","format-standard","has-post-thumbnail","hentry","category-nacionales"],"_links":{"self":[{"href":"https:\/\/conexiondigital.com.do\/index.php\/wp-json\/wp\/v2\/posts\/93724","targetHints":{"allow":["GET"]}}],"collection":[{"href":"https:\/\/conexiondigital.com.do\/index.php\/wp-json\/wp\/v2\/posts"}],"about":[{"href":"https:\/\/conexiondigital.com.do\/index.php\/wp-json\/wp\/v2\/types\/post"}],"author":[{"embeddable":true,"href":"https:\/\/conexiondigital.com.do\/index.php\/wp-json\/wp\/v2\/users\/8"}],"replies":[{"embeddable":true,"href":"https:\/\/conexiondigital.com.do\/index.php\/wp-json\/wp\/v2\/comments?post=93724"}],"version-history":[{"count":1,"href":"https:\/\/conexiondigital.com.do\/index.php\/wp-json\/wp\/v2\/posts\/93724\/revisions"}],"predecessor-version":[{"id":93726,"href":"https:\/\/conexiondigital.com.do\/index.php\/wp-json\/wp\/v2\/posts\/93724\/revisions\/93726"}],"wp:featuredmedia":[{"embeddable":true,"href":"https:\/\/conexiondigital.com.do\/index.php\/wp-json\/wp\/v2\/media\/93725"}],"wp:attachment":[{"href":"https:\/\/conexiondigital.com.do\/index.php\/wp-json\/wp\/v2\/media?parent=93724"}],"wp:term":[{"taxonomy":"category","embeddable":true,"href":"https:\/\/conexiondigital.com.do\/index.php\/wp-json\/wp\/v2\/categories?post=93724"},{"taxonomy":"post_tag","embeddable":true,"href":"https:\/\/conexiondigital.com.do\/index.php\/wp-json\/wp\/v2\/tags?post=93724"}],"curies":[{"name":"wp","href":"https:\/\/api.w.org\/{rel}","templated":true}]}}