{"id":93730,"date":"2019-08-01T12:04:40","date_gmt":"2019-08-01T16:04:40","guid":{"rendered":"http:\/\/conexiondigital.com.do\/?p=93730"},"modified":"2019-08-01T12:04:40","modified_gmt":"2019-08-01T16:04:40","slug":"isidoro-santana-dice-enfrento-muchas-trabas-como-ministro-de-economia-le-agradece-a-dm","status":"publish","type":"post","link":"https:\/\/conexiondigital.com.do\/index.php\/2019\/08\/01\/isidoro-santana-dice-enfrento-muchas-trabas-como-ministro-de-economia-le-agradece-a-dm\/","title":{"rendered":"Isidoro Santana dice enfrent\u00f3 \u201cmuchas trabas\u201d como Ministro de Econom\u00eda; le agradece a DM"},"content":{"rendered":"<p><img loading=\"lazy\" decoding=\"async\" class=\" wp-image-93731 alignleft\" src=\"https:\/\/images.conexiondigital.com.do\/wp-content\/uploads\/wp-content\/uploads\/2019\/08\/ISIDORO-1024x550-800x430.jpg\" alt=\"\" width=\"456\" height=\"245\" \/>SANTO DOMINGO.- El destituido Ministro de Econom\u00eda, Planificaci\u00f3n y Desarrollo, Isidoro Santana, revel\u00f3 este jueves que durante su desempe\u00f1o como funcionario p\u00fablico tuvo que enfrentar \u201cmuchas trabas\u201d, sobre las cuales no entr\u00f3 en detalles.<\/p>\n<p>Lament\u00f3 que los acontecimientos pol\u00edticos tomaran un rumbo que contravinieron \u201cmuchos de los principios, valores y concepci\u00f3n sobre la democracia por los cuales he luchado a lo largo de mi vida\u201d.<\/p>\n<p>Santana emiti\u00f3 un comunicado de cuatro p\u00e1rrafos en el que dice estar \u201ceternamente agradecido\u201d del presidente Danilo Medina por haberlo nombrado en la importante posici\u00f3n, aun sin \u00e9l pertenecer al Partido de la Liberaci\u00f3n Dominicana (PLD).<\/p>\n<p>\u201cEn cualquier pa\u00eds del mundo, despu\u00e9s del Premio Nobel, ser designado ministro de Econom\u00eda \u00a0es el m\u00e1s alto honor que pueda recibir un economista profesional\u201d, sostiene en su escrito.<\/p>\n<p>Asimismo, pondera positivamente las condiciones profesionales y personales de quien lo sustituye en el cargo, el joven Juan Ariel Jim\u00e9nez.<\/p>\n<p>\u201cEs (Juan Ariel Jim\u00e9nez) un economista a carta cabal, un ser humano excelente, un profesional a toda prueba. En sus manos el MEPyD estar\u00e1 bien conducido\u201d, expresa.<\/p>\n<p>Es cuando se refiere a la valoraci\u00f3n del nuevo incumbente que Isidoro Santana dice que el Ministro de Econom\u00eda entrante, por el ejercicio de su trabajo, \u201cestar\u00e1 exento de tener que afrontar muchas de las trabaja que a m\u00ed me toc\u00f3 \u00a0enfrentar\u201d.<\/p>\n<p>El economista, miembro de la Sociedad Civil, fue separado del cargo tras dos episodios que tienen que ver con la discutida propuesta para modificar la constituci\u00f3n de la Rep\u00fablica.<\/p>\n<p>Inicialmente Santana se pronunci\u00f3 en contra de una reforma a la Carta Magna para abrirle paso a una eventual repostulaci\u00f3n del presidente Medina, y m\u00e1s recientemente, el mismo d\u00eda de su cancelaci\u00f3n, rechaz\u00f3 la propuesta para que se unifiquen las elecciones municipales con las congresuales y presidenciales, para lo cual tambi\u00e9n hay que hacer cambios a la carta sustantiva de la naci\u00f3n.<\/p>\n","protected":false},"excerpt":{"rendered":"<p>SANTO DOMINGO.- El destituido Ministro de Econom\u00eda, Planificaci\u00f3n y Desarrollo, Isidoro Santana, revel\u00f3 este jueves que durante su desempe\u00f1o como funcionario p\u00fablico tuvo que enfrentar \u201cmuchas trabas\u201d, sobre las cuales no entr\u00f3 en detalles. Lament\u00f3 que los acontecimientos pol\u00edticos tomaran un rumbo que contravinieron \u201cmuchos de los principios, valores y concepci\u00f3n sobre la democracia por los cuales he luchado a lo largo de mi vida\u201d. Santana emiti\u00f3 un comunicado de cuatro p\u00e1rrafos en el que dice estar \u201ceternamente agradecido\u201d del presidente Danilo Medina por haberlo nombrado en la importante posici\u00f3n, aun sin \u00e9l pertenecer al Partido de la Liberaci\u00f3n Dominicana (PLD). \u201cEn cualquier pa\u00eds del mundo, despu\u00e9s del Premio Nobel, ser designado ministro de Econom\u00eda \u00a0es el m\u00e1s alto honor que pueda recibir un economista profesional\u201d, sostiene en su escrito. Asimismo, pondera positivamente las condiciones profesionales y personales de quien lo sustituye en el cargo, el joven Juan Ariel Jim\u00e9nez. \u201cEs (Juan Ariel Jim\u00e9nez) un economista a carta cabal, un ser humano excelente, un profesional a toda prueba. En sus manos el MEPyD estar\u00e1 bien conducido\u201d, expresa. Es cuando se refiere a la valoraci\u00f3n del nuevo incumbente que Isidoro Santana dice que el Ministro de Econom\u00eda entrante, por el ejercicio de su trabajo, \u201cestar\u00e1 exento de tener que afrontar muchas de las trabaja que a m\u00ed me toc\u00f3 \u00a0enfrentar\u201d. El economista, miembro de la Sociedad Civil, fue separado del cargo tras dos episodios que tienen que ver con la discutida propuesta para modificar la constituci\u00f3n de la Rep\u00fablica. Inicialmente Santana se pronunci\u00f3 en contra de una reforma a la Carta Magna para abrirle paso a una eventual repostulaci\u00f3n del presidente Medina, y m\u00e1s recientemente, el mismo d\u00eda de su cancelaci\u00f3n, rechaz\u00f3 la propuesta para que se unifiquen las elecciones municipales con las congresuales y presidenciales, para lo cual tambi\u00e9n hay que hacer cambios a la carta sustantiva de la naci\u00f3n.<\/p>\n","protected":false},"author":8,"featured_media":93731,"comment_status":"open","ping_status":"open","sticky":false,"template":"","format":"standard","meta":{"om_disable_all_campaigns":false,"footnotes":""},"categories":[15],"tags":[],"class_list":["post-93730","post","type-post","status-publish","format-standard","has-post-thumbnail","hentry","category-nacionales"],"_links":{"self":[{"href":"https:\/\/conexiondigital.com.do\/index.php\/wp-json\/wp\/v2\/posts\/93730","targetHints":{"allow":["GET"]}}],"collection":[{"href":"https:\/\/conexiondigital.com.do\/index.php\/wp-json\/wp\/v2\/posts"}],"about":[{"href":"https:\/\/conexiondigital.com.do\/index.php\/wp-json\/wp\/v2\/types\/post"}],"author":[{"embeddable":true,"href":"https:\/\/conexiondigital.com.do\/index.php\/wp-json\/wp\/v2\/users\/8"}],"replies":[{"embeddable":true,"href":"https:\/\/conexiondigital.com.do\/index.php\/wp-json\/wp\/v2\/comments?post=93730"}],"version-history":[{"count":1,"href":"https:\/\/conexiondigital.com.do\/index.php\/wp-json\/wp\/v2\/posts\/93730\/revisions"}],"predecessor-version":[{"id":93732,"href":"https:\/\/conexiondigital.com.do\/index.php\/wp-json\/wp\/v2\/posts\/93730\/revisions\/93732"}],"wp:featuredmedia":[{"embeddable":true,"href":"https:\/\/conexiondigital.com.do\/index.php\/wp-json\/wp\/v2\/media\/93731"}],"wp:attachment":[{"href":"https:\/\/conexiondigital.com.do\/index.php\/wp-json\/wp\/v2\/media?parent=93730"}],"wp:term":[{"taxonomy":"category","embeddable":true,"href":"https:\/\/conexiondigital.com.do\/index.php\/wp-json\/wp\/v2\/categories?post=93730"},{"taxonomy":"post_tag","embeddable":true,"href":"https:\/\/conexiondigital.com.do\/index.php\/wp-json\/wp\/v2\/tags?post=93730"}],"curies":[{"name":"wp","href":"https:\/\/api.w.org\/{rel}","templated":true}]}}