{"id":93784,"date":"2019-08-02T11:30:00","date_gmt":"2019-08-02T15:30:00","guid":{"rendered":"http:\/\/conexiondigital.com.do\/?p=93784"},"modified":"2019-08-02T11:30:00","modified_gmt":"2019-08-02T15:30:00","slug":"inauguran-expo-vega-real-2019-dedicada-a-la-competitividad","status":"publish","type":"post","link":"https:\/\/conexiondigital.com.do\/index.php\/2019\/08\/02\/inauguran-expo-vega-real-2019-dedicada-a-la-competitividad\/","title":{"rendered":"Inauguran Expo Vega Real 2019 dedicada a la competitividad"},"content":{"rendered":"<p><img loading=\"lazy\" decoding=\"async\" class=\" wp-image-93785 alignleft\" src=\"https:\/\/images.conexiondigital.com.do\/wp-content\/uploads\/wp-content\/uploads\/2019\/08\/micm-1024x550-800x430.jpg\" alt=\"\" width=\"497\" height=\"267\" \/>LA VEGA.-\u00a0 Con la participaci\u00f3n de m\u00e1s de 200 empresas y los auspicios del Ministro de Industria, Comercio y Mipymes (MICM), entre otras\u00a0 instituciones, se inaugur\u00f3 este jueves la vig\u00e9simo cuarta versi\u00f3n de Expo Vega Real 2019, dedicada este a\u00f1o a la competitividad.<\/p>\n<p>Un comunicado del Ministerio indica que en el acto de apertura, la mesa principal estuvo encabezada por el Ministro del MICM, Nelson Toca Sim\u00f3; Claudio Fern\u00e1ndez, presidente de la C\u00e1mara de Comercio y Producci\u00f3n de La Vega; Rafael Paz, director del Consejo Nacional de Competitividad (CNC) y Richard Almonte, presidente de Expo Vega Real 2019, junto a otras autoridades de la provincia.<\/p>\n<p>Con dos d\u00e9cadas ininterrumpidas, la exposici\u00f3n se ha convertido en un escenario para fortalecer e incentivar las relaciones comerciales, culturales y educativas, como una vitrina de los productos y servicios de las empresas de la provincia y la regi\u00f3n.<\/p>\n<p>La feria de este a\u00f1o fue dedicada de manera p\u00f3stuma al empresario vegano Juan Heriberto Medrano Cosme, uno de los ejecutivos de Grupo Medrano, fallecido recientemente.<\/p>\n<p>El encuentro concluye el domingo 4 de agosto y desarrolla un intenso programa de conferencias, actividades educativas, familiares y conciertos diarios en el Country Club de La Vega, se\u00f1ala la nota.<\/p>\n<p>La feria presenta unos 250 espacios de exposici\u00f3n y promociones de productores y empresas de los sectores agr\u00edcola, financiero, industrial, textil, gobierno, telecomunicaciones, alimenticio, av\u00edcola, farmac\u00e9utico y salud, entre otros.<\/p>\n<p>El evento se transmite en vivo con el apoyo de Medrano Holding Group y sus empresas Microvisi\u00f3n Canal 10 \u2013 Tele Cable Central y el respaldo del Grupo Medrano.<\/p>\n<p>En el acto inaugural tambi\u00e9n estuvieron presentes Euclides S\u00e1nchez, senador de La Vega; Bol\u00edvar Marte, gobernador de la provincia; Kelvin Cruz, alcalde; Mielka Hern\u00e1ndez, viceministra de Turismo y el Obispo de la Di\u00f3cesis de La Vega, reverendo H\u00e9ctor Rafael Rodr\u00edguez.<\/p>\n<p>Por parte del MICM, tambi\u00e9n participaron Ignacio M\u00e9ndez, viceministro de Fomento a las Mipymes, y Lisa Marcano, directora de Comercio Interno, junto a otras personalidades.<\/p>\n<p>Patrocinadores<\/p>\n<p>Los patrocinadores de Expo Vega Real 2019 son Ministerio de Industria, Comercio Y Mipymes (MICM), Ministerio de Turismo, Ministerio Administrativo de la Presidencia, Ministerio de Agricultura y Ministerio de Medio Ambiente, con el copatrocinio del Banco Popular.<\/p>\n<p>Tambi\u00e9n Induveca, Mercasid,\u00a0 Altice, Edenorte, Claro, Cervecer\u00eda Nacional Dominicana,\u00a0 Banco Agr\u00edcola y Fantasy Park y el auspicio de\u00a0 Magna Motors, La Fabril, Alaver, Intabaco, BanReservas, Farmacias El Sol, Industrias Macier, Cervecer\u00eda Vegana, Bepensa,\u00a0 Microvision, Tele Cable Central y Grupo Medrano.<\/p>\n","protected":false},"excerpt":{"rendered":"<p>LA VEGA.-\u00a0 Con la participaci\u00f3n de m\u00e1s de 200 empresas y los auspicios del Ministro de Industria, Comercio y Mipymes (MICM), entre otras\u00a0 instituciones, se inaugur\u00f3 este jueves la vig\u00e9simo cuarta versi\u00f3n de Expo Vega Real 2019, dedicada este a\u00f1o a la competitividad. Un comunicado del Ministerio indica que en el acto de apertura, la mesa principal estuvo encabezada por el Ministro del MICM, Nelson Toca Sim\u00f3; Claudio Fern\u00e1ndez, presidente de la C\u00e1mara de Comercio y Producci\u00f3n de La Vega; Rafael Paz, director del Consejo Nacional de Competitividad (CNC) y Richard Almonte, presidente de Expo Vega Real 2019, junto a otras autoridades de la provincia. Con dos d\u00e9cadas ininterrumpidas, la exposici\u00f3n se ha convertido en un escenario para fortalecer e incentivar las relaciones comerciales, culturales y educativas, como una vitrina de los productos y servicios de las empresas de la provincia y la regi\u00f3n. La feria de este a\u00f1o fue dedicada de manera p\u00f3stuma al empresario vegano Juan Heriberto Medrano Cosme, uno de los ejecutivos de Grupo Medrano, fallecido recientemente. El encuentro concluye el domingo 4 de agosto y desarrolla un intenso programa de conferencias, actividades educativas, familiares y conciertos diarios en el Country Club de La Vega, se\u00f1ala la nota. La feria presenta unos 250 espacios de exposici\u00f3n y promociones de productores y empresas de los sectores agr\u00edcola, financiero, industrial, textil, gobierno, telecomunicaciones, alimenticio, av\u00edcola, farmac\u00e9utico y salud, entre otros. El evento se transmite en vivo con el apoyo de Medrano Holding Group y sus empresas Microvisi\u00f3n Canal 10 \u2013 Tele Cable Central y el respaldo del Grupo Medrano. En el acto inaugural tambi\u00e9n estuvieron presentes Euclides S\u00e1nchez, senador de La Vega; Bol\u00edvar Marte, gobernador de la provincia; Kelvin Cruz, alcalde; Mielka Hern\u00e1ndez, viceministra de Turismo y el Obispo de la Di\u00f3cesis de La Vega, reverendo H\u00e9ctor Rafael Rodr\u00edguez. Por parte del MICM, tambi\u00e9n participaron Ignacio M\u00e9ndez, viceministro de Fomento a las Mipymes, y Lisa Marcano, directora de Comercio Interno, junto a otras personalidades. Patrocinadores Los patrocinadores de Expo Vega Real 2019 son Ministerio de Industria, Comercio Y Mipymes (MICM), Ministerio de Turismo, Ministerio Administrativo de la Presidencia, Ministerio de Agricultura y Ministerio de Medio Ambiente, con el copatrocinio del Banco Popular. Tambi\u00e9n Induveca, Mercasid,\u00a0 Altice, Edenorte, Claro, Cervecer\u00eda Nacional Dominicana,\u00a0 Banco Agr\u00edcola y Fantasy Park y el auspicio de\u00a0 Magna Motors, La Fabril, Alaver, Intabaco, BanReservas, Farmacias El Sol, Industrias Macier, Cervecer\u00eda Vegana, Bepensa,\u00a0 Microvision, Tele Cable Central y Grupo Medrano.<\/p>\n","protected":false},"author":8,"featured_media":93785,"comment_status":"open","ping_status":"open","sticky":false,"template":"","format":"standard","meta":{"om_disable_all_campaigns":false,"footnotes":""},"categories":[15],"tags":[],"class_list":["post-93784","post","type-post","status-publish","format-standard","has-post-thumbnail","hentry","category-nacionales"],"_links":{"self":[{"href":"https:\/\/conexiondigital.com.do\/index.php\/wp-json\/wp\/v2\/posts\/93784","targetHints":{"allow":["GET"]}}],"collection":[{"href":"https:\/\/conexiondigital.com.do\/index.php\/wp-json\/wp\/v2\/posts"}],"about":[{"href":"https:\/\/conexiondigital.com.do\/index.php\/wp-json\/wp\/v2\/types\/post"}],"author":[{"embeddable":true,"href":"https:\/\/conexiondigital.com.do\/index.php\/wp-json\/wp\/v2\/users\/8"}],"replies":[{"embeddable":true,"href":"https:\/\/conexiondigital.com.do\/index.php\/wp-json\/wp\/v2\/comments?post=93784"}],"version-history":[{"count":1,"href":"https:\/\/conexiondigital.com.do\/index.php\/wp-json\/wp\/v2\/posts\/93784\/revisions"}],"predecessor-version":[{"id":93786,"href":"https:\/\/conexiondigital.com.do\/index.php\/wp-json\/wp\/v2\/posts\/93784\/revisions\/93786"}],"wp:featuredmedia":[{"embeddable":true,"href":"https:\/\/conexiondigital.com.do\/index.php\/wp-json\/wp\/v2\/media\/93785"}],"wp:attachment":[{"href":"https:\/\/conexiondigital.com.do\/index.php\/wp-json\/wp\/v2\/media?parent=93784"}],"wp:term":[{"taxonomy":"category","embeddable":true,"href":"https:\/\/conexiondigital.com.do\/index.php\/wp-json\/wp\/v2\/categories?post=93784"},{"taxonomy":"post_tag","embeddable":true,"href":"https:\/\/conexiondigital.com.do\/index.php\/wp-json\/wp\/v2\/tags?post=93784"}],"curies":[{"name":"wp","href":"https:\/\/api.w.org\/{rel}","templated":true}]}}