{"id":94409,"date":"2019-08-14T09:30:16","date_gmt":"2019-08-14T13:30:16","guid":{"rendered":"http:\/\/conexiondigital.com.do\/?p=94409"},"modified":"2019-08-14T09:30:16","modified_gmt":"2019-08-14T13:30:16","slug":"al-grito-de-patria-o-muerte-leonel-arenga-a-sus-seguidores","status":"publish","type":"post","link":"https:\/\/conexiondigital.com.do\/index.php\/2019\/08\/14\/al-grito-de-patria-o-muerte-leonel-arenga-a-sus-seguidores\/","title":{"rendered":"Al grito de \u00a1Patria o muerte!, Leonel arenga a sus seguidores"},"content":{"rendered":"<p><img loading=\"lazy\" decoding=\"async\" class=\" wp-image-94410 alignleft\" src=\"https:\/\/images.conexiondigital.com.do\/wp-content\/uploads\/wp-content\/uploads\/2019\/08\/leonel-fernandez-al-dirigirse-a-los-grupos-de-apoyo-en-el-distrito-nacional-11118-prensa-de-leonel-1024x948-800x741.jpg\" alt=\"\" width=\"440\" height=\"408\" \/>Leonel Fern\u00e1ndez,\u00a0uno de los aspirantes a la candidatura presidencial del oficialista\u00a0Partido de la Liberaci\u00f3n Dominicana (PLD)\u00a0para las elecciones de 2020, areng\u00f3 este martes a sus seguidores con el triunfo que dijo obtendr\u00e1 en las elecciones primarias del partido y de la Presidencia del pa\u00eds al grito de \u00a1Patria o muerte venceremos!<\/p>\n<p>El pol\u00edtico hizo uso de la expresi\u00f3n popularizada por el extinto l\u00edder cubano Fidel Castro, ante dirigentes del transporte del municipio\u00a0Boca Chica, a quienes dijo que ese municipio merece ser un s\u00edmbolo nacional de la Rep\u00fablica Dominicana. Tambi\u00e9n les prometi\u00f3 un mejor transporte, al igual que para otras demarcaciones del pa\u00eds.<\/p>\n<p>\u201cEn defensa del transporte, no hay marcha atr\u00e1s, en defensa de Boca Chica, no hay marcha atr\u00e1s, en defensa de nuestra victoria, no hay marcha atr\u00e1s, Patria o muerte venceremos. Bajo cualquier circunstancia es pa\u2019 lante que vamos\u201d, se escucha decir a Fern\u00e1ndez en uno de los v\u00eddeos de la actividad.<\/p>\n<p>Fern\u00e1ndez, quien ha sido presidente en tres ocasiones del pa\u00eds, dijo estar seguro de que ganar\u00e1 las primarias del PLD, pautadas a celebrarse el seis de octubre de este a\u00f1o. Junto a \u00e9l se miden otros 10 aspirantes, que son: Reinaldo Pared P\u00e9rez, Carlos Amarante Baret, Francisco Dom\u00ednguez Brito, Melanio Paredes, Tem\u00edstocles Mont\u00e1s, Radham\u00e9s Segura, Andr\u00e9s Navarro, Maritza Hern\u00e1ndez, Gonzalo Castillo y Manuel Crespo<\/p>\n<p>\u201cEstamos aqu\u00ed por seguir enbullaos, pero estamos seguros que estamos ganados, as\u00ed que ese d\u00eda vamos a cumplir con el protocolo, con la fecha protocolar de pasar por las primarias del Partido de la Liberaci\u00f3n Dominicana, pero esto es bateo y corrido, porque ganaremos el 6 de octubre las primarias internas y luego en primera vuelta en mayo de 2020\u201d, sentenci\u00f3 mientras era aplaudido por los presentes.<\/p>\n<p>\u201cPorque hoy, formalmente aqu\u00ed, en Boca Chica, iniciamos nuestro retorno al Palacio Nacional\u201d,\u00a0agreg\u00f3.<\/p>\n<p>Fern\u00e1ndez estuvo acompa\u00f1ado de Radham\u00e9s Jim\u00e9nez, director general del proyecto; Rafael Alburquerque, exvicepresidente de la Rep\u00fablica; el cantante Johnny Ventura;el diputado Rub\u00e9n Maldonado y su hijo Omar Fern\u00e1ndez.<\/p>\n","protected":false},"excerpt":{"rendered":"<p>Leonel Fern\u00e1ndez,\u00a0uno de los aspirantes a la candidatura presidencial del oficialista\u00a0Partido de la Liberaci\u00f3n Dominicana (PLD)\u00a0para las elecciones de 2020, areng\u00f3 este martes a sus seguidores con el triunfo que dijo obtendr\u00e1 en las elecciones primarias del partido y de la Presidencia del pa\u00eds al grito de \u00a1Patria o muerte venceremos! El pol\u00edtico hizo uso de la expresi\u00f3n popularizada por el extinto l\u00edder cubano Fidel Castro, ante dirigentes del transporte del municipio\u00a0Boca Chica, a quienes dijo que ese municipio merece ser un s\u00edmbolo nacional de la Rep\u00fablica Dominicana. Tambi\u00e9n les prometi\u00f3 un mejor transporte, al igual que para otras demarcaciones del pa\u00eds. \u201cEn defensa del transporte, no hay marcha atr\u00e1s, en defensa de Boca Chica, no hay marcha atr\u00e1s, en defensa de nuestra victoria, no hay marcha atr\u00e1s, Patria o muerte venceremos. Bajo cualquier circunstancia es pa\u2019 lante que vamos\u201d, se escucha decir a Fern\u00e1ndez en uno de los v\u00eddeos de la actividad. Fern\u00e1ndez, quien ha sido presidente en tres ocasiones del pa\u00eds, dijo estar seguro de que ganar\u00e1 las primarias del PLD, pautadas a celebrarse el seis de octubre de este a\u00f1o. Junto a \u00e9l se miden otros 10 aspirantes, que son: Reinaldo Pared P\u00e9rez, Carlos Amarante Baret, Francisco Dom\u00ednguez Brito, Melanio Paredes, Tem\u00edstocles Mont\u00e1s, Radham\u00e9s Segura, Andr\u00e9s Navarro, Maritza Hern\u00e1ndez, Gonzalo Castillo y Manuel Crespo \u201cEstamos aqu\u00ed por seguir enbullaos, pero estamos seguros que estamos ganados, as\u00ed que ese d\u00eda vamos a cumplir con el protocolo, con la fecha protocolar de pasar por las primarias del Partido de la Liberaci\u00f3n Dominicana, pero esto es bateo y corrido, porque ganaremos el 6 de octubre las primarias internas y luego en primera vuelta en mayo de 2020\u201d, sentenci\u00f3 mientras era aplaudido por los presentes. \u201cPorque hoy, formalmente aqu\u00ed, en Boca Chica, iniciamos nuestro retorno al Palacio Nacional\u201d,\u00a0agreg\u00f3. Fern\u00e1ndez estuvo acompa\u00f1ado de Radham\u00e9s Jim\u00e9nez, director general del proyecto; Rafael Alburquerque, exvicepresidente de la Rep\u00fablica; el cantante Johnny Ventura;el diputado Rub\u00e9n Maldonado y su hijo Omar Fern\u00e1ndez.<\/p>\n","protected":false},"author":8,"featured_media":94410,"comment_status":"open","ping_status":"open","sticky":false,"template":"","format":"standard","meta":{"om_disable_all_campaigns":false,"footnotes":""},"categories":[12],"tags":[],"class_list":["post-94409","post","type-post","status-publish","format-standard","has-post-thumbnail","hentry","category-politic"],"_links":{"self":[{"href":"https:\/\/conexiondigital.com.do\/index.php\/wp-json\/wp\/v2\/posts\/94409","targetHints":{"allow":["GET"]}}],"collection":[{"href":"https:\/\/conexiondigital.com.do\/index.php\/wp-json\/wp\/v2\/posts"}],"about":[{"href":"https:\/\/conexiondigital.com.do\/index.php\/wp-json\/wp\/v2\/types\/post"}],"author":[{"embeddable":true,"href":"https:\/\/conexiondigital.com.do\/index.php\/wp-json\/wp\/v2\/users\/8"}],"replies":[{"embeddable":true,"href":"https:\/\/conexiondigital.com.do\/index.php\/wp-json\/wp\/v2\/comments?post=94409"}],"version-history":[{"count":1,"href":"https:\/\/conexiondigital.com.do\/index.php\/wp-json\/wp\/v2\/posts\/94409\/revisions"}],"predecessor-version":[{"id":94411,"href":"https:\/\/conexiondigital.com.do\/index.php\/wp-json\/wp\/v2\/posts\/94409\/revisions\/94411"}],"wp:featuredmedia":[{"embeddable":true,"href":"https:\/\/conexiondigital.com.do\/index.php\/wp-json\/wp\/v2\/media\/94410"}],"wp:attachment":[{"href":"https:\/\/conexiondigital.com.do\/index.php\/wp-json\/wp\/v2\/media?parent=94409"}],"wp:term":[{"taxonomy":"category","embeddable":true,"href":"https:\/\/conexiondigital.com.do\/index.php\/wp-json\/wp\/v2\/categories?post=94409"},{"taxonomy":"post_tag","embeddable":true,"href":"https:\/\/conexiondigital.com.do\/index.php\/wp-json\/wp\/v2\/tags?post=94409"}],"curies":[{"name":"wp","href":"https:\/\/api.w.org\/{rel}","templated":true}]}}