{"id":94806,"date":"2019-08-23T09:31:05","date_gmt":"2019-08-23T13:31:05","guid":{"rendered":"http:\/\/conexiondigital.com.do\/?p=94806"},"modified":"2019-08-23T09:31:05","modified_gmt":"2019-08-23T13:31:05","slug":"pn-confirma-se-entrega-otro-de-los-reos-fugados-de-carcel-en-mao","status":"publish","type":"post","link":"https:\/\/conexiondigital.com.do\/index.php\/2019\/08\/23\/pn-confirma-se-entrega-otro-de-los-reos-fugados-de-carcel-en-mao\/","title":{"rendered":"PN confirma se entrega otro de los reos fugados de c\u00e1rcel en Mao"},"content":{"rendered":"<p><img loading=\"lazy\" decoding=\"async\" class=\" wp-image-94807 alignleft\" src=\"https:\/\/images.conexiondigital.com.do\/wp-content\/uploads\/wp-content\/uploads\/2019\/08\/7b6feb3fd37ae6e568b8443758827139_XL-850x550-800x518.jpg\" alt=\"\" width=\"493\" height=\"319\" \/>MAO.-\u00a0La Direcci\u00f3n Regional Noroeste de la Polic\u00eda Nacional inform\u00f3 hoy que \u00a0la tarde de este jueves se entreg\u00f3 otro de los reos que escaparon de la c\u00e1rcel preventiva de Mao, provincia Valverde, por lo que se reduce a cinco el listado de los que contin\u00faan \u00a0pr\u00f3fugos.<\/p>\n<p>Se trata del nombrado Fary Heriberto Jim\u00e9nez Torres, apodado Vereda, quien guarda prisi\u00f3n por violaci\u00f3n a la ley 50-88 sobre sustancias prohibidas.<\/p>\n<p>Con relaci\u00f3n a los dem\u00e1s fugitivos, las autoridades les exhortaron a ponerse nuevamente a disposici\u00f3n de la justicia.<\/p>\n<p>Se recuerda que el pasado 19 de agosto, del a\u00f1o en curso, tras \u00a0romper los barrotes de la parte trasera de la celda en la que se encontraban, 12 privados de libertad se escaparon de la c\u00e1rcel preventiva de Mao, provincia Valverde.<\/p>\n","protected":false},"excerpt":{"rendered":"<p>MAO.-\u00a0La Direcci\u00f3n Regional Noroeste de la Polic\u00eda Nacional inform\u00f3 hoy que \u00a0la tarde de este jueves se entreg\u00f3 otro de los reos que escaparon de la c\u00e1rcel preventiva de Mao, provincia Valverde, por lo que se reduce a cinco el listado de los que contin\u00faan \u00a0pr\u00f3fugos. Se trata del nombrado Fary Heriberto Jim\u00e9nez Torres, apodado Vereda, quien guarda prisi\u00f3n por violaci\u00f3n a la ley 50-88 sobre sustancias prohibidas. Con relaci\u00f3n a los dem\u00e1s fugitivos, las autoridades les exhortaron a ponerse nuevamente a disposici\u00f3n de la justicia. Se recuerda que el pasado 19 de agosto, del a\u00f1o en curso, tras \u00a0romper los barrotes de la parte trasera de la celda en la que se encontraban, 12 privados de libertad se escaparon de la c\u00e1rcel preventiva de Mao, provincia Valverde.<\/p>\n","protected":false},"author":8,"featured_media":94807,"comment_status":"open","ping_status":"open","sticky":false,"template":"","format":"standard","meta":{"om_disable_all_campaigns":false,"footnotes":""},"categories":[15],"tags":[],"class_list":["post-94806","post","type-post","status-publish","format-standard","has-post-thumbnail","hentry","category-nacionales"],"_links":{"self":[{"href":"https:\/\/conexiondigital.com.do\/index.php\/wp-json\/wp\/v2\/posts\/94806","targetHints":{"allow":["GET"]}}],"collection":[{"href":"https:\/\/conexiondigital.com.do\/index.php\/wp-json\/wp\/v2\/posts"}],"about":[{"href":"https:\/\/conexiondigital.com.do\/index.php\/wp-json\/wp\/v2\/types\/post"}],"author":[{"embeddable":true,"href":"https:\/\/conexiondigital.com.do\/index.php\/wp-json\/wp\/v2\/users\/8"}],"replies":[{"embeddable":true,"href":"https:\/\/conexiondigital.com.do\/index.php\/wp-json\/wp\/v2\/comments?post=94806"}],"version-history":[{"count":1,"href":"https:\/\/conexiondigital.com.do\/index.php\/wp-json\/wp\/v2\/posts\/94806\/revisions"}],"predecessor-version":[{"id":94808,"href":"https:\/\/conexiondigital.com.do\/index.php\/wp-json\/wp\/v2\/posts\/94806\/revisions\/94808"}],"wp:featuredmedia":[{"embeddable":true,"href":"https:\/\/conexiondigital.com.do\/index.php\/wp-json\/wp\/v2\/media\/94807"}],"wp:attachment":[{"href":"https:\/\/conexiondigital.com.do\/index.php\/wp-json\/wp\/v2\/media?parent=94806"}],"wp:term":[{"taxonomy":"category","embeddable":true,"href":"https:\/\/conexiondigital.com.do\/index.php\/wp-json\/wp\/v2\/categories?post=94806"},{"taxonomy":"post_tag","embeddable":true,"href":"https:\/\/conexiondigital.com.do\/index.php\/wp-json\/wp\/v2\/tags?post=94806"}],"curies":[{"name":"wp","href":"https:\/\/api.w.org\/{rel}","templated":true}]}}