{"id":94833,"date":"2019-08-23T09:57:12","date_gmt":"2019-08-23T13:57:12","guid":{"rendered":"http:\/\/conexiondigital.com.do\/?p=94833"},"modified":"2019-08-23T09:57:12","modified_gmt":"2019-08-23T13:57:12","slug":"conoceran-este-viernes-solicitud-extradicion-de-eeuu-a-imputados-caso-cesar-el-abusador","status":"publish","type":"post","link":"https:\/\/conexiondigital.com.do\/index.php\/2019\/08\/23\/conoceran-este-viernes-solicitud-extradicion-de-eeuu-a-imputados-caso-cesar-el-abusador\/","title":{"rendered":"Conocer\u00e1n este viernes solicitud extradici\u00f3n de EEUU a imputados caso C\u00e9sar \u201cel Abusador\u201d"},"content":{"rendered":"<p><img loading=\"lazy\" decoding=\"async\" class=\" wp-image-94834 alignleft\" src=\"https:\/\/images.conexiondigital.com.do\/wp-content\/uploads\/wp-content\/uploads\/2019\/08\/Cesar-1024x550-800x430.jpg\" alt=\"\" width=\"493\" height=\"265\" \/>SANTO DOMINGO.- La Segunda Sala Penal de la Corte de Apelaci\u00f3n de la Suprema Corte de Justicia conocer\u00e1 este viernes la solicitud de extradici\u00f3n hecha por los Estados Unidos contra los implicados en la supuesta red de narcotr\u00e1fico encabezada por C\u00e9sar Peralta \u201cel Abusador\u201d.<\/p>\n<p>La audiencia est\u00e1 pautada para las 10:00 de la ma\u00f1ana, en la sede principal de la SCJ.<\/p>\n<p>El pasado martes agentes de la Direcci\u00f3n Nacional de Control de Drogas y efectivos del Ministerio de Defensa, arrestaron a Baltazar Mesa, alias El Maestro; Tapia P\u00e9rez, alias Bola Negra, Bola, Boludo y Sergio G\u00f3mez D\u00edaz, alias Sergio Ren\u00e9 G\u00f3mez D\u00edaz, quienes seg\u00fan el Ministerio P\u00fablico son los cabecillas principales de una alegada red criminal que dirig\u00eda \u201cC\u00e9sar el Abusador\u201d.<\/p>\n<p>Coerci\u00f3n<br \/>\nMientras, la Oficina de Atenci\u00f3n Permanente del Palacio de Justicia de Ciudad Nueva, aplaz\u00f3 el conocimiento de la medida de coerci\u00f3n que se les conocer\u00eda este jueves 22 de agosto a Roberto Jos\u00e9 C\u00e1ceres, Jos\u00e9 Bernab\u00e9 Quiterio, Octavio Eduardo Dotel D\u00edaz y Obispo F\u00e9liz Lorenzo, para que los abogados \u201cconozcan el expediente\u201d y puedan presentar sus escritos de defensa.<\/p>\n<p>Los citados est\u00e1n acusados de asociaci\u00f3n il\u00edcita para cometer tr\u00e1fico de hero\u00edna y supuestamente haber utilizado bienes, a pesar de saber que eran producto de un delito de tr\u00e1fico de drogas; porte y tenencia de arma ilegal, y porte de armas ilegal de las Fuerzas Armadas, y la Polic\u00eda Nacional y de pertenecer a una organizaci\u00f3n criminal que se dedicaba al tr\u00e1fico de drogas desde Sudam\u00e9rica, utilizando a Rep\u00fablica Dominicana como punto de distribuci\u00f3n, Estrados Unidos, Puerto Rico y Europa.<\/p>\n<p>El Ministerio P\u00fablico solicita como medida de coerci\u00f3n, 18 meses de prisi\u00f3n y 20 a\u00f1os de c\u00e1rcel, ya que los \u201chechos por los cuales se les imputa est\u00e1n revestidos de una gravedad indudable\u201d.<\/p>\n<p>\u00bfC\u00f3mo se blanqueaba el dinero?<br \/>\nDe acuerdo a la teor\u00eda del caso, C\u00e9sar Emilio Peralta , alias \u201cel Abusador\u201d y dem\u00e1s imputados: la adquisici\u00f3n de bienes muebles e inmuebles de lujo registrados mediante testaferros y prestanombres, mediante apertura de centros de entretenimientos nocturnos de bebidas alcoh\u00f3licas a trav\u00e9s de sociedades comerciales.<\/p>\n<p>En raz\u00f3n de que los imputados Octavio Eduardo Dotel D\u00edaz, Roberto Jos\u00e9 C\u00e1ceres, Obispo F\u00e9liz Lorenzo, y Jos\u00e9 Bernab\u00e9 Quiterio forman parte de la organizaci\u00f3n il\u00edcita liderada por el imputado C\u00e9sar Emilio Peralta \u201cel Abusador\u201d, el cual conforme al proceso judicial en su contra por los Estados Unidos, lidera una estructura criminal, \u201cha conspirado para la importaci\u00f3n hacia dicho pa\u00eds del cargamento de hero\u00edna, coca\u00edna\u201d.<\/p>\n","protected":false},"excerpt":{"rendered":"<p>SANTO DOMINGO.- La Segunda Sala Penal de la Corte de Apelaci\u00f3n de la Suprema Corte de Justicia conocer\u00e1 este viernes la solicitud de extradici\u00f3n hecha por los Estados Unidos contra los implicados en la supuesta red de narcotr\u00e1fico encabezada por C\u00e9sar Peralta \u201cel Abusador\u201d. La audiencia est\u00e1 pautada para las 10:00 de la ma\u00f1ana, en la sede principal de la SCJ. El pasado martes agentes de la Direcci\u00f3n Nacional de Control de Drogas y efectivos del Ministerio de Defensa, arrestaron a Baltazar Mesa, alias El Maestro; Tapia P\u00e9rez, alias Bola Negra, Bola, Boludo y Sergio G\u00f3mez D\u00edaz, alias Sergio Ren\u00e9 G\u00f3mez D\u00edaz, quienes seg\u00fan el Ministerio P\u00fablico son los cabecillas principales de una alegada red criminal que dirig\u00eda \u201cC\u00e9sar el Abusador\u201d. Coerci\u00f3n Mientras, la Oficina de Atenci\u00f3n Permanente del Palacio de Justicia de Ciudad Nueva, aplaz\u00f3 el conocimiento de la medida de coerci\u00f3n que se les conocer\u00eda este jueves 22 de agosto a Roberto Jos\u00e9 C\u00e1ceres, Jos\u00e9 Bernab\u00e9 Quiterio, Octavio Eduardo Dotel D\u00edaz y Obispo F\u00e9liz Lorenzo, para que los abogados \u201cconozcan el expediente\u201d y puedan presentar sus escritos de defensa. Los citados est\u00e1n acusados de asociaci\u00f3n il\u00edcita para cometer tr\u00e1fico de hero\u00edna y supuestamente haber utilizado bienes, a pesar de saber que eran producto de un delito de tr\u00e1fico de drogas; porte y tenencia de arma ilegal, y porte de armas ilegal de las Fuerzas Armadas, y la Polic\u00eda Nacional y de pertenecer a una organizaci\u00f3n criminal que se dedicaba al tr\u00e1fico de drogas desde Sudam\u00e9rica, utilizando a Rep\u00fablica Dominicana como punto de distribuci\u00f3n, Estrados Unidos, Puerto Rico y Europa. El Ministerio P\u00fablico solicita como medida de coerci\u00f3n, 18 meses de prisi\u00f3n y 20 a\u00f1os de c\u00e1rcel, ya que los \u201chechos por los cuales se les imputa est\u00e1n revestidos de una gravedad indudable\u201d. \u00bfC\u00f3mo se blanqueaba el dinero? De acuerdo a la teor\u00eda del caso, C\u00e9sar Emilio Peralta , alias \u201cel Abusador\u201d y dem\u00e1s imputados: la adquisici\u00f3n de bienes muebles e inmuebles de lujo registrados mediante testaferros y prestanombres, mediante apertura de centros de entretenimientos nocturnos de bebidas alcoh\u00f3licas a trav\u00e9s de sociedades comerciales. En raz\u00f3n de que los imputados Octavio Eduardo Dotel D\u00edaz, Roberto Jos\u00e9 C\u00e1ceres, Obispo F\u00e9liz Lorenzo, y Jos\u00e9 Bernab\u00e9 Quiterio forman parte de la organizaci\u00f3n il\u00edcita liderada por el imputado C\u00e9sar Emilio Peralta \u201cel Abusador\u201d, el cual conforme al proceso judicial en su contra por los Estados Unidos, lidera una estructura criminal, \u201cha conspirado para la importaci\u00f3n hacia dicho pa\u00eds del cargamento de hero\u00edna, coca\u00edna\u201d.<\/p>\n","protected":false},"author":8,"featured_media":94834,"comment_status":"open","ping_status":"open","sticky":false,"template":"","format":"standard","meta":{"om_disable_all_campaigns":false,"footnotes":""},"categories":[15],"tags":[],"class_list":["post-94833","post","type-post","status-publish","format-standard","has-post-thumbnail","hentry","category-nacionales"],"_links":{"self":[{"href":"https:\/\/conexiondigital.com.do\/index.php\/wp-json\/wp\/v2\/posts\/94833","targetHints":{"allow":["GET"]}}],"collection":[{"href":"https:\/\/conexiondigital.com.do\/index.php\/wp-json\/wp\/v2\/posts"}],"about":[{"href":"https:\/\/conexiondigital.com.do\/index.php\/wp-json\/wp\/v2\/types\/post"}],"author":[{"embeddable":true,"href":"https:\/\/conexiondigital.com.do\/index.php\/wp-json\/wp\/v2\/users\/8"}],"replies":[{"embeddable":true,"href":"https:\/\/conexiondigital.com.do\/index.php\/wp-json\/wp\/v2\/comments?post=94833"}],"version-history":[{"count":1,"href":"https:\/\/conexiondigital.com.do\/index.php\/wp-json\/wp\/v2\/posts\/94833\/revisions"}],"predecessor-version":[{"id":94835,"href":"https:\/\/conexiondigital.com.do\/index.php\/wp-json\/wp\/v2\/posts\/94833\/revisions\/94835"}],"wp:featuredmedia":[{"embeddable":true,"href":"https:\/\/conexiondigital.com.do\/index.php\/wp-json\/wp\/v2\/media\/94834"}],"wp:attachment":[{"href":"https:\/\/conexiondigital.com.do\/index.php\/wp-json\/wp\/v2\/media?parent=94833"}],"wp:term":[{"taxonomy":"category","embeddable":true,"href":"https:\/\/conexiondigital.com.do\/index.php\/wp-json\/wp\/v2\/categories?post=94833"},{"taxonomy":"post_tag","embeddable":true,"href":"https:\/\/conexiondigital.com.do\/index.php\/wp-json\/wp\/v2\/tags?post=94833"}],"curies":[{"name":"wp","href":"https:\/\/api.w.org\/{rel}","templated":true}]}}