{"id":94985,"date":"2019-08-27T09:35:56","date_gmt":"2019-08-27T13:35:56","guid":{"rendered":"http:\/\/conexiondigital.com.do\/?p=94985"},"modified":"2019-08-27T09:35:56","modified_gmt":"2019-08-27T13:35:56","slug":"coe-emite-alerta-verde-para-seis-provincias-del-pais-ante-posible-entrada-de-dorian","status":"publish","type":"post","link":"https:\/\/conexiondigital.com.do\/index.php\/2019\/08\/27\/coe-emite-alerta-verde-para-seis-provincias-del-pais-ante-posible-entrada-de-dorian\/","title":{"rendered":"COE emite alerta verde para seis provincias del pa\u00eds ante posible entrada de Dorian"},"content":{"rendered":"<p><img loading=\"lazy\" decoding=\"async\" class=\" wp-image-94986 alignleft\" src=\"https:\/\/images.conexiondigital.com.do\/wp-content\/uploads\/wp-content\/uploads\/2019\/08\/criiii-1024x550-800x430.jpg\" alt=\"\" width=\"428\" height=\"230\" \/>SANTO DOMINGO.- El Centro de Operaciones de Emergencias, COE, emiti\u00f3 alerta verde para varias provincias del pa\u00eds ante la posible entrada de la tormenta tropical Dorian al territorio nacional.<\/p>\n<p>San Pedro de Macor\u00eds, La Romana, La Altagracia, Hato Mayor, Saman\u00e1 y El Seibo, son las provincias en alerta verde.<\/p>\n<p>Mientras que la Defensa Civil inform\u00f3 que cuenta con 3, 229 albergues para personas que viven en zonas vulnerables que se vean afectadas por la crecidas de los diferentes r\u00edos del pa\u00eds, por lo que se instruy\u00f3 adem\u00e1s al Ministerio de Defensa, Salud Publica, Defensa Civil y otras instituciones hacer todo lo posible para evitar p\u00e9rdidas humanas.<\/p>\n<p>Los organismos correspondientes han informado que para el mi\u00e9rcoles en horas de la noche el fen\u00f3meno natural estar\u00eda posicionado sobre Rep\u00fablica Dominicana.<\/p>\n","protected":false},"excerpt":{"rendered":"<p>SANTO DOMINGO.- El Centro de Operaciones de Emergencias, COE, emiti\u00f3 alerta verde para varias provincias del pa\u00eds ante la posible entrada de la tormenta tropical Dorian al territorio nacional. San Pedro de Macor\u00eds, La Romana, La Altagracia, Hato Mayor, Saman\u00e1 y El Seibo, son las provincias en alerta verde. Mientras que la Defensa Civil inform\u00f3 que cuenta con 3, 229 albergues para personas que viven en zonas vulnerables que se vean afectadas por la crecidas de los diferentes r\u00edos del pa\u00eds, por lo que se instruy\u00f3 adem\u00e1s al Ministerio de Defensa, Salud Publica, Defensa Civil y otras instituciones hacer todo lo posible para evitar p\u00e9rdidas humanas. Los organismos correspondientes han informado que para el mi\u00e9rcoles en horas de la noche el fen\u00f3meno natural estar\u00eda posicionado sobre Rep\u00fablica Dominicana.<\/p>\n","protected":false},"author":8,"featured_media":94986,"comment_status":"open","ping_status":"open","sticky":false,"template":"","format":"standard","meta":{"om_disable_all_campaigns":false,"footnotes":""},"categories":[15],"tags":[],"class_list":["post-94985","post","type-post","status-publish","format-standard","has-post-thumbnail","hentry","category-nacionales"],"_links":{"self":[{"href":"https:\/\/conexiondigital.com.do\/index.php\/wp-json\/wp\/v2\/posts\/94985","targetHints":{"allow":["GET"]}}],"collection":[{"href":"https:\/\/conexiondigital.com.do\/index.php\/wp-json\/wp\/v2\/posts"}],"about":[{"href":"https:\/\/conexiondigital.com.do\/index.php\/wp-json\/wp\/v2\/types\/post"}],"author":[{"embeddable":true,"href":"https:\/\/conexiondigital.com.do\/index.php\/wp-json\/wp\/v2\/users\/8"}],"replies":[{"embeddable":true,"href":"https:\/\/conexiondigital.com.do\/index.php\/wp-json\/wp\/v2\/comments?post=94985"}],"version-history":[{"count":1,"href":"https:\/\/conexiondigital.com.do\/index.php\/wp-json\/wp\/v2\/posts\/94985\/revisions"}],"predecessor-version":[{"id":94987,"href":"https:\/\/conexiondigital.com.do\/index.php\/wp-json\/wp\/v2\/posts\/94985\/revisions\/94987"}],"wp:featuredmedia":[{"embeddable":true,"href":"https:\/\/conexiondigital.com.do\/index.php\/wp-json\/wp\/v2\/media\/94986"}],"wp:attachment":[{"href":"https:\/\/conexiondigital.com.do\/index.php\/wp-json\/wp\/v2\/media?parent=94985"}],"wp:term":[{"taxonomy":"category","embeddable":true,"href":"https:\/\/conexiondigital.com.do\/index.php\/wp-json\/wp\/v2\/categories?post=94985"},{"taxonomy":"post_tag","embeddable":true,"href":"https:\/\/conexiondigital.com.do\/index.php\/wp-json\/wp\/v2\/tags?post=94985"}],"curies":[{"name":"wp","href":"https:\/\/api.w.org\/{rel}","templated":true}]}}