{"id":95830,"date":"2019-09-16T10:12:18","date_gmt":"2019-09-16T14:12:18","guid":{"rendered":"http:\/\/conexiondigital.com.do\/?p=95830"},"modified":"2019-09-16T10:12:18","modified_gmt":"2019-09-16T14:12:18","slug":"encuentran-hombre-ahorcado-en-finca-de-monsenor-nouel","status":"publish","type":"post","link":"https:\/\/conexiondigital.com.do\/index.php\/2019\/09\/16\/encuentran-hombre-ahorcado-en-finca-de-monsenor-nouel\/","title":{"rendered":"Encuentran hombre ahorcado en finca de Monse\u00f1or Nouel"},"content":{"rendered":"<p><img loading=\"lazy\" decoding=\"async\" class=\" wp-image-95831 alignleft\" src=\"https:\/\/images.conexiondigital.com.do\/wp-content\/uploads\/wp-content\/uploads\/2019\/09\/siluetadeahorcado020-1024x550-800x430.jpg\" alt=\"\" width=\"493\" height=\"265\" \/>MONSE\u00d1OR NOUEL.- Un hombre fue encontrado ahorcado en el interior de una finca, en un hecho registrado en la tarde de ayer en el municipio Piedra Blanca.<\/p>\n<p>De acuerdo al informe policial, el occiso fue identificado como Nolas Laguerre, de 39 a\u00f1os, nacionalidad haitiana, quien resid\u00eda en el citado municipio.<\/p>\n<p>El citado reporte se\u00f1ala que el cad\u00e1ver fue hallado en una finca propiedad de Luis S\u00e1nchez de los Santos.<\/p>\n<p>De acuerdo al reporte de la doctora Kenia Abreu, m\u00e9dico legista, Laguerre falleci\u00f3 por asfixia por ahorcamiento.<\/p>\n<p>Al lugar del hecho se presentaron miembros del Ministerio P\u00fablico y la Polic\u00eda, quienes indicaron que el caso est\u00e1 siendo investigado.<\/p>\n","protected":false},"excerpt":{"rendered":"<p>MONSE\u00d1OR NOUEL.- Un hombre fue encontrado ahorcado en el interior de una finca, en un hecho registrado en la tarde de ayer en el municipio Piedra Blanca. De acuerdo al informe policial, el occiso fue identificado como Nolas Laguerre, de 39 a\u00f1os, nacionalidad haitiana, quien resid\u00eda en el citado municipio. El citado reporte se\u00f1ala que el cad\u00e1ver fue hallado en una finca propiedad de Luis S\u00e1nchez de los Santos. De acuerdo al reporte de la doctora Kenia Abreu, m\u00e9dico legista, Laguerre falleci\u00f3 por asfixia por ahorcamiento. Al lugar del hecho se presentaron miembros del Ministerio P\u00fablico y la Polic\u00eda, quienes indicaron que el caso est\u00e1 siendo investigado.<\/p>\n","protected":false},"author":8,"featured_media":95831,"comment_status":"open","ping_status":"open","sticky":false,"template":"","format":"standard","meta":{"om_disable_all_campaigns":false,"footnotes":""},"categories":[15],"tags":[],"class_list":["post-95830","post","type-post","status-publish","format-standard","has-post-thumbnail","hentry","category-nacionales"],"_links":{"self":[{"href":"https:\/\/conexiondigital.com.do\/index.php\/wp-json\/wp\/v2\/posts\/95830","targetHints":{"allow":["GET"]}}],"collection":[{"href":"https:\/\/conexiondigital.com.do\/index.php\/wp-json\/wp\/v2\/posts"}],"about":[{"href":"https:\/\/conexiondigital.com.do\/index.php\/wp-json\/wp\/v2\/types\/post"}],"author":[{"embeddable":true,"href":"https:\/\/conexiondigital.com.do\/index.php\/wp-json\/wp\/v2\/users\/8"}],"replies":[{"embeddable":true,"href":"https:\/\/conexiondigital.com.do\/index.php\/wp-json\/wp\/v2\/comments?post=95830"}],"version-history":[{"count":1,"href":"https:\/\/conexiondigital.com.do\/index.php\/wp-json\/wp\/v2\/posts\/95830\/revisions"}],"predecessor-version":[{"id":95832,"href":"https:\/\/conexiondigital.com.do\/index.php\/wp-json\/wp\/v2\/posts\/95830\/revisions\/95832"}],"wp:featuredmedia":[{"embeddable":true,"href":"https:\/\/conexiondigital.com.do\/index.php\/wp-json\/wp\/v2\/media\/95831"}],"wp:attachment":[{"href":"https:\/\/conexiondigital.com.do\/index.php\/wp-json\/wp\/v2\/media?parent=95830"}],"wp:term":[{"taxonomy":"category","embeddable":true,"href":"https:\/\/conexiondigital.com.do\/index.php\/wp-json\/wp\/v2\/categories?post=95830"},{"taxonomy":"post_tag","embeddable":true,"href":"https:\/\/conexiondigital.com.do\/index.php\/wp-json\/wp\/v2\/tags?post=95830"}],"curies":[{"name":"wp","href":"https:\/\/api.w.org\/{rel}","templated":true}]}}