{"id":96123,"date":"2019-09-20T12:17:55","date_gmt":"2019-09-20T16:17:55","guid":{"rendered":"http:\/\/conexiondigital.com.do\/?p=96123"},"modified":"2019-09-20T12:17:55","modified_gmt":"2019-09-20T16:17:55","slug":"minerd-entrega-mas-de-300-butacas-a-escuela-fernando-alberto-defillo","status":"publish","type":"post","link":"https:\/\/conexiondigital.com.do\/index.php\/2019\/09\/20\/minerd-entrega-mas-de-300-butacas-a-escuela-fernando-alberto-defillo\/","title":{"rendered":"MINERD entrega m\u00e1s de 300 butacas a escuela Fernando Alberto Defill\u00f3"},"content":{"rendered":"<p><img loading=\"lazy\" decoding=\"async\" class=\" wp-image-96124 alignleft\" src=\"https:\/\/images.conexiondigital.com.do\/wp-content\/uploads\/wp-content\/uploads\/2019\/09\/20190919_114857-1024x550-800x430.jpg\" alt=\"\" width=\"495\" height=\"266\" \/>SANTO DOMINGO.\u00a0-El Ministerio de Educaci\u00f3n (MINERD) inform\u00f3 que suministr\u00f3\u00a0 300 butacas a la escuela Fernando Alberto Defill\u00f3, ubicada en Los Frailes, Santo Domingo Este, para que los estudiantes reciban docencia en condiciones adecuadas.<\/p>\n<p>La entrega de las butacas fue materializada por instrucciones del ministro de Educaci\u00f3n, Antonio Pe\u00f1a Mirabal, quien dijo realizar las gestiones de lugar para que los estudiantes est\u00e9n c\u00f3modos en los centros escolares, explica una nota de prensa de la instituci\u00f3n oficial.<\/p>\n<p>Pe\u00f1a Mirabal inform\u00f3, adem\u00e1s, que en los pr\u00f3ximos d\u00edas ser\u00e1n distribuidas miles de butacas en distintos centros educativos del pa\u00eds, donde la matricula estudiantil se ha incrementado de manera significativa.<\/p>\n<p>\u201cHemos registrado un aumento considerable de nuevos estudiantes en las escuelas. Esta realidad evidencia el impacto de la Revoluci\u00f3n Educativa que impulsa el presidente Danilo Medina y las ventajas de la Jornada Escolar Extendida\u201d, precis\u00f3 el Ministro de Educaci\u00f3n.<\/p>\n<p>Mientras que Ronald Cristian Santana, director regional 10 Santo Domingo, dijo que se espera la entrega de miles de butacas por parte de suplidores para distribuirlas a diferentes centros educativos.<\/p>\n","protected":false},"excerpt":{"rendered":"<p>SANTO DOMINGO.\u00a0-El Ministerio de Educaci\u00f3n (MINERD) inform\u00f3 que suministr\u00f3\u00a0 300 butacas a la escuela Fernando Alberto Defill\u00f3, ubicada en Los Frailes, Santo Domingo Este, para que los estudiantes reciban docencia en condiciones adecuadas. La entrega de las butacas fue materializada por instrucciones del ministro de Educaci\u00f3n, Antonio Pe\u00f1a Mirabal, quien dijo realizar las gestiones de lugar para que los estudiantes est\u00e9n c\u00f3modos en los centros escolares, explica una nota de prensa de la instituci\u00f3n oficial. Pe\u00f1a Mirabal inform\u00f3, adem\u00e1s, que en los pr\u00f3ximos d\u00edas ser\u00e1n distribuidas miles de butacas en distintos centros educativos del pa\u00eds, donde la matricula estudiantil se ha incrementado de manera significativa. \u201cHemos registrado un aumento considerable de nuevos estudiantes en las escuelas. Esta realidad evidencia el impacto de la Revoluci\u00f3n Educativa que impulsa el presidente Danilo Medina y las ventajas de la Jornada Escolar Extendida\u201d, precis\u00f3 el Ministro de Educaci\u00f3n. Mientras que Ronald Cristian Santana, director regional 10 Santo Domingo, dijo que se espera la entrega de miles de butacas por parte de suplidores para distribuirlas a diferentes centros educativos.<\/p>\n","protected":false},"author":6,"featured_media":96124,"comment_status":"open","ping_status":"open","sticky":false,"template":"","format":"standard","meta":{"om_disable_all_campaigns":false,"footnotes":""},"categories":[15],"tags":[],"class_list":["post-96123","post","type-post","status-publish","format-standard","has-post-thumbnail","hentry","category-nacionales"],"_links":{"self":[{"href":"https:\/\/conexiondigital.com.do\/index.php\/wp-json\/wp\/v2\/posts\/96123","targetHints":{"allow":["GET"]}}],"collection":[{"href":"https:\/\/conexiondigital.com.do\/index.php\/wp-json\/wp\/v2\/posts"}],"about":[{"href":"https:\/\/conexiondigital.com.do\/index.php\/wp-json\/wp\/v2\/types\/post"}],"author":[{"embeddable":true,"href":"https:\/\/conexiondigital.com.do\/index.php\/wp-json\/wp\/v2\/users\/6"}],"replies":[{"embeddable":true,"href":"https:\/\/conexiondigital.com.do\/index.php\/wp-json\/wp\/v2\/comments?post=96123"}],"version-history":[{"count":1,"href":"https:\/\/conexiondigital.com.do\/index.php\/wp-json\/wp\/v2\/posts\/96123\/revisions"}],"predecessor-version":[{"id":96125,"href":"https:\/\/conexiondigital.com.do\/index.php\/wp-json\/wp\/v2\/posts\/96123\/revisions\/96125"}],"wp:featuredmedia":[{"embeddable":true,"href":"https:\/\/conexiondigital.com.do\/index.php\/wp-json\/wp\/v2\/media\/96124"}],"wp:attachment":[{"href":"https:\/\/conexiondigital.com.do\/index.php\/wp-json\/wp\/v2\/media?parent=96123"}],"wp:term":[{"taxonomy":"category","embeddable":true,"href":"https:\/\/conexiondigital.com.do\/index.php\/wp-json\/wp\/v2\/categories?post=96123"},{"taxonomy":"post_tag","embeddable":true,"href":"https:\/\/conexiondigital.com.do\/index.php\/wp-json\/wp\/v2\/tags?post=96123"}],"curies":[{"name":"wp","href":"https:\/\/api.w.org\/{rel}","templated":true}]}}