{"id":97564,"date":"2019-11-01T13:13:55","date_gmt":"2019-11-01T17:13:55","guid":{"rendered":"http:\/\/conexiondigital.com.do\/?p=97564"},"modified":"2019-11-01T13:13:55","modified_gmt":"2019-11-01T17:13:55","slug":"residente-estrena-pecador-segundo-sencillo-de-proximo-disco","status":"publish","type":"post","link":"https:\/\/conexiondigital.com.do\/index.php\/2019\/11\/01\/residente-estrena-pecador-segundo-sencillo-de-proximo-disco\/","title":{"rendered":"Residente estrena \u201cPecador\u201d, segundo sencillo de pr\u00f3ximo disco"},"content":{"rendered":"<p><img loading=\"lazy\" decoding=\"async\" class=\" wp-image-97565 alignleft\" src=\"https:\/\/images.conexiondigital.com.do\/wp-content\/uploads\/wp-content\/uploads\/2019\/11\/RESIDENTE-1024x550-800x430.jpg\" alt=\"\" width=\"497\" height=\"267\" \/>SAN JUAN.- El rapero puertorrique\u00f1o Residente estren\u00f3 el jueves \u201cPecador\u201d, el segundo sencillo y v\u00eddeo musical de lo que ser\u00e1 su segundo disco en solitario y en cuyo tema presenta una narraci\u00f3n expresiva sobre un humano que confiesa sus pecados y pensamientos.<\/p>\n<p>Residente dirigi\u00f3 adem\u00e1s el v\u00eddeo musical, filmado en una iglesia donde una joven actriz recrea y reencarna los pensamientos del artista urbano, informaron los representantes del artista en un comunicado de prensa.<\/p>\n<p>\u201cPara este v\u00eddeo, imagin\u00e9 a esa peque\u00f1a ni\u00f1a dentro de todos nosotros expres\u00e1ndose libremente sin limitaciones y que saliera a narrar lo que estaba sintiendo personalmente cuando escrib\u00ed esta canci\u00f3n\u201d, dijo Residente en el comunicado.<\/p>\n<p>Y como creativo multifac\u00e9tico, Residente conceptualiz\u00f3 y produjo esta canci\u00f3n junto al productor musical hondure\u00f1o Trooko.<\/p>\n<p>\u201cLa parte interesante es que los sonidos de la canci\u00f3n provienen de las frecuencias cerebrales de un hombre musulm\u00e1n\u201d, cont\u00f3 Residente sobre el concepto musical que decidi\u00f3 crear para su nueva producci\u00f3n.<\/p>\n<p>Y es que junto a cient\u00edficos de la Universidad de Yale, Residente experiment\u00f3 capturar las frecuencias cerebrales de un hombre musulm\u00e1n mientras rezaba para lograr convertir esas ondas en m\u00fasica.<\/p>\n<p>\u201cLos resultados de esto ser\u00e1n escuchados en notas musicales y sonidos a cargo de un coro cristiano\u201d, detall\u00f3.<\/p>\n<p>La m\u00fasica, igualmente, saldr\u00e1 de los patrones de ondas cerebrales en gusanos, insectos, ratones y hasta de Bad Bunny, con quien lanz\u00f3 el primer sencillo, \u201cBellacoso\u201d.<\/p>\n<p>Utilizando pruebas de electroencefalograma (EEG), Residente rastre\u00f3 ritmos comunicativos que eventualmente los ha convertido en sonidos para este nuevo proyecto.<\/p>\n<p>A trav\u00e9s de ondas cerebrales y frecuencias, el exmiembro de la banda Calle 13 se conecta tanto en un ambiente cient\u00edfico como emocional logrando colaboraciones que inspiran la creaci\u00f3n de la m\u00fasica.<\/p>\n<p>Este nuevo disco ser\u00e1 el segundo en solitario del artista despu\u00e9s de \u201cResidente\u201d, que lanz\u00f3 en el 2017.<\/p>\n","protected":false},"excerpt":{"rendered":"<p>SAN JUAN.- El rapero puertorrique\u00f1o Residente estren\u00f3 el jueves \u201cPecador\u201d, el segundo sencillo y v\u00eddeo musical de lo que ser\u00e1 su segundo disco en solitario y en cuyo tema presenta una narraci\u00f3n expresiva sobre un humano que confiesa sus pecados y pensamientos. Residente dirigi\u00f3 adem\u00e1s el v\u00eddeo musical, filmado en una iglesia donde una joven actriz recrea y reencarna los pensamientos del artista urbano, informaron los representantes del artista en un comunicado de prensa. \u201cPara este v\u00eddeo, imagin\u00e9 a esa peque\u00f1a ni\u00f1a dentro de todos nosotros expres\u00e1ndose libremente sin limitaciones y que saliera a narrar lo que estaba sintiendo personalmente cuando escrib\u00ed esta canci\u00f3n\u201d, dijo Residente en el comunicado. Y como creativo multifac\u00e9tico, Residente conceptualiz\u00f3 y produjo esta canci\u00f3n junto al productor musical hondure\u00f1o Trooko. \u201cLa parte interesante es que los sonidos de la canci\u00f3n provienen de las frecuencias cerebrales de un hombre musulm\u00e1n\u201d, cont\u00f3 Residente sobre el concepto musical que decidi\u00f3 crear para su nueva producci\u00f3n. Y es que junto a cient\u00edficos de la Universidad de Yale, Residente experiment\u00f3 capturar las frecuencias cerebrales de un hombre musulm\u00e1n mientras rezaba para lograr convertir esas ondas en m\u00fasica. \u201cLos resultados de esto ser\u00e1n escuchados en notas musicales y sonidos a cargo de un coro cristiano\u201d, detall\u00f3. La m\u00fasica, igualmente, saldr\u00e1 de los patrones de ondas cerebrales en gusanos, insectos, ratones y hasta de Bad Bunny, con quien lanz\u00f3 el primer sencillo, \u201cBellacoso\u201d. Utilizando pruebas de electroencefalograma (EEG), Residente rastre\u00f3 ritmos comunicativos que eventualmente los ha convertido en sonidos para este nuevo proyecto. A trav\u00e9s de ondas cerebrales y frecuencias, el exmiembro de la banda Calle 13 se conecta tanto en un ambiente cient\u00edfico como emocional logrando colaboraciones que inspiran la creaci\u00f3n de la m\u00fasica. Este nuevo disco ser\u00e1 el segundo en solitario del artista despu\u00e9s de \u201cResidente\u201d, que lanz\u00f3 en el 2017.<\/p>\n","protected":false},"author":6,"featured_media":97565,"comment_status":"open","ping_status":"open","sticky":false,"template":"","format":"standard","meta":{"om_disable_all_campaigns":false,"footnotes":""},"categories":[5],"tags":[],"class_list":["post-97564","post","type-post","status-publish","format-standard","has-post-thumbnail","hentry","category-entertainment"],"_links":{"self":[{"href":"https:\/\/conexiondigital.com.do\/index.php\/wp-json\/wp\/v2\/posts\/97564","targetHints":{"allow":["GET"]}}],"collection":[{"href":"https:\/\/conexiondigital.com.do\/index.php\/wp-json\/wp\/v2\/posts"}],"about":[{"href":"https:\/\/conexiondigital.com.do\/index.php\/wp-json\/wp\/v2\/types\/post"}],"author":[{"embeddable":true,"href":"https:\/\/conexiondigital.com.do\/index.php\/wp-json\/wp\/v2\/users\/6"}],"replies":[{"embeddable":true,"href":"https:\/\/conexiondigital.com.do\/index.php\/wp-json\/wp\/v2\/comments?post=97564"}],"version-history":[{"count":1,"href":"https:\/\/conexiondigital.com.do\/index.php\/wp-json\/wp\/v2\/posts\/97564\/revisions"}],"predecessor-version":[{"id":97566,"href":"https:\/\/conexiondigital.com.do\/index.php\/wp-json\/wp\/v2\/posts\/97564\/revisions\/97566"}],"wp:featuredmedia":[{"embeddable":true,"href":"https:\/\/conexiondigital.com.do\/index.php\/wp-json\/wp\/v2\/media\/97565"}],"wp:attachment":[{"href":"https:\/\/conexiondigital.com.do\/index.php\/wp-json\/wp\/v2\/media?parent=97564"}],"wp:term":[{"taxonomy":"category","embeddable":true,"href":"https:\/\/conexiondigital.com.do\/index.php\/wp-json\/wp\/v2\/categories?post=97564"},{"taxonomy":"post_tag","embeddable":true,"href":"https:\/\/conexiondigital.com.do\/index.php\/wp-json\/wp\/v2\/tags?post=97564"}],"curies":[{"name":"wp","href":"https:\/\/api.w.org\/{rel}","templated":true}]}}