{"id":97595,"date":"2019-11-06T10:02:57","date_gmt":"2019-11-06T14:02:57","guid":{"rendered":"http:\/\/conexiondigital.com.do\/?p=97595"},"modified":"2019-11-06T10:02:57","modified_gmt":"2019-11-06T14:02:57","slug":"apresan-hombre-por-pedir-una-bala-en-la-cabeza-de-primer-ministro-israeli-en-facebook","status":"publish","type":"post","link":"https:\/\/conexiondigital.com.do\/index.php\/2019\/11\/06\/apresan-hombre-por-pedir-una-bala-en-la-cabeza-de-primer-ministro-israeli-en-facebook\/","title":{"rendered":"Apresan hombre por pedir \u201cuna bala en la cabeza\u201d de primer ministro israel\u00ed en Facebook"},"content":{"rendered":"<p><img loading=\"lazy\" decoding=\"async\" class=\" wp-image-97596 alignleft\" src=\"https:\/\/images.conexiondigital.com.do\/wp-content\/uploads\/wp-content\/uploads\/2019\/11\/Benjam\u00edn-Netanyahu-1024x550-800x430.jpg\" alt=\"\" width=\"491\" height=\"264\" \/>JERUSAL\u00c9N.- \u201cSi hay una conclusi\u00f3n a la que llegu\u00e9 en la v\u00edspera del aniversario (del asesinato de Isaac Rabin), \u00a1es que Bibi (el primer ministro israel\u00ed, Benjam\u00edn Netanyahu) deber\u00eda recibir una bala en la cabeza!\u201d, fue una de las amenazas de un israel\u00ed en Facebook por la que ha sido arrestado.<\/p>\n<p>El usuario, \u201cTzvika Sabag\u201d y cuya foto de perfil era un famoso cartel dise\u00f1ado en 2016 por un estudiante con el rostro del primer ministro junto a la soga de una horca, difundi\u00f3 diversos mensajes amenazantes hacia Netanyahu y su familia.<\/p>\n<p>\u201cPolic\u00eda de Israel, prep\u00e1rense para dirigir el tr\u00e1fico a los funerales de Benjam\u00edn, Sara (su esposa) y Yair Netanyahu (uno de los hijos del matrimonio)\u201d, fue otra de las amenazas publicada el pasado lunes, fecha conmemorativa del asesinato en 1995 del jefe de Gobierno Isaac Rabin por un ultraderechista jud\u00edo en Tel Aviv.<\/p>\n<p>La oficina del primer ministro comparti\u00f3 capturas de pantalla sobre los mensajes del usuario y Netanyahu solicit\u00f3 la apertura inmediata de una investigaci\u00f3n.<\/p>\n<p>La unidad cibern\u00e9tica de la Polic\u00eda arrest\u00f3 el martes a un israel\u00ed de 55 a\u00f1os sospechoso de estas amenazas que este mi\u00e9rcoles se present\u00f3 ante la corte de Justicia y que permanecer\u00e1 detenido hasta ma\u00f1ana, inform\u00f3 un comunicado policial.<\/p>\n<p>No es la primera vez que Netanyahu recibe este tipo de amenazas. El a\u00f1o pasado, aparecieron pintadas en las aceras y en unos edificios de Tel Aviv dirigidas al jefe de Gobierno que ped\u00edan su muerte, inform\u00f3 el digital Times of Israel.<\/p>\n<p>En 2017, durante una manifestaci\u00f3n antigubernamental en la ciudad costera, un asistente march\u00f3 con una guillotina de cart\u00f3n, que provoc\u00f3 la condena de diputados y del presidente de Israel, Reuv\u00e9n Rivlin, por \u201cincitaci\u00f3n\u201d.<\/p>\n","protected":false},"excerpt":{"rendered":"<p>JERUSAL\u00c9N.- \u201cSi hay una conclusi\u00f3n a la que llegu\u00e9 en la v\u00edspera del aniversario (del asesinato de Isaac Rabin), \u00a1es que Bibi (el primer ministro israel\u00ed, Benjam\u00edn Netanyahu) deber\u00eda recibir una bala en la cabeza!\u201d, fue una de las amenazas de un israel\u00ed en Facebook por la que ha sido arrestado. El usuario, \u201cTzvika Sabag\u201d y cuya foto de perfil era un famoso cartel dise\u00f1ado en 2016 por un estudiante con el rostro del primer ministro junto a la soga de una horca, difundi\u00f3 diversos mensajes amenazantes hacia Netanyahu y su familia. \u201cPolic\u00eda de Israel, prep\u00e1rense para dirigir el tr\u00e1fico a los funerales de Benjam\u00edn, Sara (su esposa) y Yair Netanyahu (uno de los hijos del matrimonio)\u201d, fue otra de las amenazas publicada el pasado lunes, fecha conmemorativa del asesinato en 1995 del jefe de Gobierno Isaac Rabin por un ultraderechista jud\u00edo en Tel Aviv. La oficina del primer ministro comparti\u00f3 capturas de pantalla sobre los mensajes del usuario y Netanyahu solicit\u00f3 la apertura inmediata de una investigaci\u00f3n. La unidad cibern\u00e9tica de la Polic\u00eda arrest\u00f3 el martes a un israel\u00ed de 55 a\u00f1os sospechoso de estas amenazas que este mi\u00e9rcoles se present\u00f3 ante la corte de Justicia y que permanecer\u00e1 detenido hasta ma\u00f1ana, inform\u00f3 un comunicado policial. No es la primera vez que Netanyahu recibe este tipo de amenazas. El a\u00f1o pasado, aparecieron pintadas en las aceras y en unos edificios de Tel Aviv dirigidas al jefe de Gobierno que ped\u00edan su muerte, inform\u00f3 el digital Times of Israel. En 2017, durante una manifestaci\u00f3n antigubernamental en la ciudad costera, un asistente march\u00f3 con una guillotina de cart\u00f3n, que provoc\u00f3 la condena de diputados y del presidente de Israel, Reuv\u00e9n Rivlin, por \u201cincitaci\u00f3n\u201d.<\/p>\n","protected":false},"author":6,"featured_media":97596,"comment_status":"open","ping_status":"open","sticky":false,"template":"","format":"standard","meta":{"om_disable_all_campaigns":false,"footnotes":""},"categories":[14],"tags":[],"class_list":["post-97595","post","type-post","status-publish","format-standard","has-post-thumbnail","hentry","category-culture"],"_links":{"self":[{"href":"https:\/\/conexiondigital.com.do\/index.php\/wp-json\/wp\/v2\/posts\/97595","targetHints":{"allow":["GET"]}}],"collection":[{"href":"https:\/\/conexiondigital.com.do\/index.php\/wp-json\/wp\/v2\/posts"}],"about":[{"href":"https:\/\/conexiondigital.com.do\/index.php\/wp-json\/wp\/v2\/types\/post"}],"author":[{"embeddable":true,"href":"https:\/\/conexiondigital.com.do\/index.php\/wp-json\/wp\/v2\/users\/6"}],"replies":[{"embeddable":true,"href":"https:\/\/conexiondigital.com.do\/index.php\/wp-json\/wp\/v2\/comments?post=97595"}],"version-history":[{"count":1,"href":"https:\/\/conexiondigital.com.do\/index.php\/wp-json\/wp\/v2\/posts\/97595\/revisions"}],"predecessor-version":[{"id":97597,"href":"https:\/\/conexiondigital.com.do\/index.php\/wp-json\/wp\/v2\/posts\/97595\/revisions\/97597"}],"wp:featuredmedia":[{"embeddable":true,"href":"https:\/\/conexiondigital.com.do\/index.php\/wp-json\/wp\/v2\/media\/97596"}],"wp:attachment":[{"href":"https:\/\/conexiondigital.com.do\/index.php\/wp-json\/wp\/v2\/media?parent=97595"}],"wp:term":[{"taxonomy":"category","embeddable":true,"href":"https:\/\/conexiondigital.com.do\/index.php\/wp-json\/wp\/v2\/categories?post=97595"},{"taxonomy":"post_tag","embeddable":true,"href":"https:\/\/conexiondigital.com.do\/index.php\/wp-json\/wp\/v2\/tags?post=97595"}],"curies":[{"name":"wp","href":"https:\/\/api.w.org\/{rel}","templated":true}]}}