{"id":97617,"date":"2019-11-06T10:24:34","date_gmt":"2019-11-06T14:24:34","guid":{"rendered":"http:\/\/conexiondigital.com.do\/?p=97617"},"modified":"2019-11-06T10:24:34","modified_gmt":"2019-11-06T14:24:34","slug":"xi-y-macron-fortalecen-lazos-y-se-comprometen-a-salvaguardar-acuerdo-de-paris","status":"publish","type":"post","link":"https:\/\/conexiondigital.com.do\/index.php\/2019\/11\/06\/xi-y-macron-fortalecen-lazos-y-se-comprometen-a-salvaguardar-acuerdo-de-paris\/","title":{"rendered":"Xi y Macron fortalecen lazos y se comprometen a salvaguardar Acuerdo de Par\u00eds"},"content":{"rendered":"<p><img loading=\"lazy\" decoding=\"async\" class=\" wp-image-97618 alignleft\" src=\"https:\/\/images.conexiondigital.com.do\/wp-content\/uploads\/wp-content\/uploads\/2019\/11\/Xi-y-Macron-fortalecen-lazos-1024x550-800x430.jpg\" alt=\"\" width=\"493\" height=\"265\" \/>PEK\u00cdN.- Los presidentes de Francia, Emmanuel Macron, y de China, Xi Jinping, acordaron este mi\u00e9rcoles fortalecer su \u201casociaci\u00f3n estrat\u00e9gica bilateral\u201d, firmaron acuerdos en los sectores de comercio, agricultura y aviaci\u00f3n, y reafirmaron su \u201cfirme apoyo\u201d al Acuerdo de Par\u00eds.<\/p>\n<p>Xi recibi\u00f3 hoy en el Gran Palacio del Pueblo de Pek\u00edn a Macron, que el martes pasado asisti\u00f3 a la inauguraci\u00f3n de la Expo Internacional de Importaciones de China (CIIE) que se celebra esta semana en Shangh\u00e1i.<\/p>\n<p>En una comparecencia conjunta ante los medios tras su reuni\u00f3n, Xi se comprometi\u00f3 a trabajar junto con Macron para seguir promoviendo la asociaci\u00f3n estrat\u00e9gica integral bilateral, mirando \u201chacia el mundo, el futuro y el pueblo\u201d, y mantener esa asociaci\u00f3n a la vanguardia de las \u201crelaciones entre grandes pa\u00edses\u201d.<\/p>\n<p>\u201cHemos intercambiado visitas a nuestros respectivos pa\u00edses por el 55\u00ba aniversario del establecimiento de relaciones diplom\u00e1ticas y elevado el nivel de los lazos entre China y Francia\u201d, se\u00f1al\u00f3 Xi.<\/p>\n<p>El presidente chino volvi\u00f3 a defender el sistema multilateral de comercio, la apertura y la cooperaci\u00f3n de beneficio mutuo en contraste a \u201cla ley de la jungla y la intimidaci\u00f3n\u201d, en velada referencia a Estados Unidos, pa\u00eds con quien mantiene una enconada guerra comercial desde marzo de 2018.<\/p>\n<p>Pek\u00edn y Par\u00eds acordaron \u201cesforzarse de manera conjunta para construir una econom\u00eda global abierta y combatir toda forma de proteccionismo, asegurando un marco de competencia leal\u201d, para lo cual apoyan \u201cuna necesaria reforma\u201d de la Organizaci\u00f3n Mundial del Comercio (OMC) para atajar \u201cdesaf\u00edos presentes y futuros\u201d.<\/p>\n<p>Adem\u00e1s, determinaron fortalecer los lazos China-Uni\u00f3n Europea (UE), apoyar las sinergias ente la iniciativa china de las Nuevas Rutas de la Seda con las de conectividad de la UE, incluyendo la estrategia de conectividad euroasi\u00e1tica, y reforzar los intercambios en el marco de la Plataforma de Conectividad China-UE.<\/p>\n<p>China espera que m\u00e1s empresas francesas aumenten sus exportaciones al mercado chino, mientras que las dos partes se comprometen a proporcionar condiciones de \u201ccompetencia justa y no discriminatorias\u201d para las empresas de ambos lados.<\/p>\n<p>ACUERDOS BILATERALES EN AVIACI\u00d3N, AGRICULTURA Y CULTURA<\/p>\n<p>Entre la decena de acuerdos firmados en la visita -por valor de 15.000 millones de d\u00f3lares- destaca un Memorando de Entendimiento para la cooperaci\u00f3n en el campo de la aeron\u00e1utica que prev\u00e9 el \u201cfortalecimiento de Airbus en China\u201d y \u201cla compra continua de aviones Airbus por las aerol\u00edneas chinas\u201d.<\/p>\n<p>Seg\u00fan los pron\u00f3sticos de la empresa, se espera que China requiera unos 7.560 aviones nuevos en los pr\u00f3ximos 20 a\u00f1os.<\/p>\n<p>Los dos pa\u00edses tambi\u00e9n trabajar\u00e1n juntos para desarrollar una \u201cnueva cooperaci\u00f3n espacial, astrof\u00edsica y de seguimiento del clima\u201d, y firmaron otro Memorando para \u201cla construcci\u00f3n de una planta de tratamiento y reciclaje de combustible nuclear usado\u201d.<\/p>\n<p>Los intercambios culturales, tur\u00edsticos y educativos tambi\u00e9n estuvieron presentes en esta reuni\u00f3n, en la que acordaron nuevos programas de cooperaci\u00f3n relacionados con el famoso Ej\u00e9rcito de Terracota que protege al primer emperador chino en Xian (centro) y con la restauraci\u00f3n de la Catedral de Notre-Dame en Par\u00eds.<\/p>\n<p>PAR\u00cdS Y PEK\u00cdN, JUNTOS EN LA LUCHA CONTRA EL CAMBIO CLIM\u00c1TICO<\/p>\n<p>Xi y Macron consideraron al Acuerdo de Par\u00eds \u201cun proceso irreversible\u201d y una \u201cbr\u00fajula\u201d para una \u201cacci\u00f3n fuerte\u201d sobre el clima, y aseguraron que est\u00e1n \u201cresueltos a realizar esfuerzos sin precedentes para asegurar el futuro de las nuevas generaciones\u201d y a \u201cintensificar los esfuerzos internacionales\u201d de lucha contra el cambio clim\u00e1tico.<\/p>\n<p>La declaraci\u00f3n llama a \u201ctodos los pa\u00edses, las autoridades internacionales, las empresas y las organizaciones no gubernamentales a publicar hasta el pr\u00f3ximo a\u00f1o sus estrategias de desarrollo a largo plazo hasta 2050 para una menor emisi\u00f3n de gases de efecto invernadero.<\/p>\n<p>Igualmente instan a ratificar \u201clo m\u00e1s pronto posible\u201d la reforma de Kigali al protocolo sobre el clima de Montreal que \u201cpuede impedir hasta 0,4 grados cent\u00edgrados de recalentamiento de aqu\u00ed a finales de siglo\u201d.<\/p>\n<p>Respecto al nuevo objetivo que fijan para los pa\u00edses desarrollados de invertir cien mil millones de d\u00f3lares anuales en la lucha contra el cambio clim\u00e1tico de aqu\u00ed a 2025, ambos dirigentes destacan que el \u201cFondo verde\u201d para el clima de Naciones Unidas \u201cjuega un papel esencial\u201d para movilizar recursos financieros a los pa\u00edses en desarrollo.<\/p>\n","protected":false},"excerpt":{"rendered":"<p>PEK\u00cdN.- Los presidentes de Francia, Emmanuel Macron, y de China, Xi Jinping, acordaron este mi\u00e9rcoles fortalecer su \u201casociaci\u00f3n estrat\u00e9gica bilateral\u201d, firmaron acuerdos en los sectores de comercio, agricultura y aviaci\u00f3n, y reafirmaron su \u201cfirme apoyo\u201d al Acuerdo de Par\u00eds. Xi recibi\u00f3 hoy en el Gran Palacio del Pueblo de Pek\u00edn a Macron, que el martes pasado asisti\u00f3 a la inauguraci\u00f3n de la Expo Internacional de Importaciones de China (CIIE) que se celebra esta semana en Shangh\u00e1i. En una comparecencia conjunta ante los medios tras su reuni\u00f3n, Xi se comprometi\u00f3 a trabajar junto con Macron para seguir promoviendo la asociaci\u00f3n estrat\u00e9gica integral bilateral, mirando \u201chacia el mundo, el futuro y el pueblo\u201d, y mantener esa asociaci\u00f3n a la vanguardia de las \u201crelaciones entre grandes pa\u00edses\u201d. \u201cHemos intercambiado visitas a nuestros respectivos pa\u00edses por el 55\u00ba aniversario del establecimiento de relaciones diplom\u00e1ticas y elevado el nivel de los lazos entre China y Francia\u201d, se\u00f1al\u00f3 Xi. El presidente chino volvi\u00f3 a defender el sistema multilateral de comercio, la apertura y la cooperaci\u00f3n de beneficio mutuo en contraste a \u201cla ley de la jungla y la intimidaci\u00f3n\u201d, en velada referencia a Estados Unidos, pa\u00eds con quien mantiene una enconada guerra comercial desde marzo de 2018. Pek\u00edn y Par\u00eds acordaron \u201cesforzarse de manera conjunta para construir una econom\u00eda global abierta y combatir toda forma de proteccionismo, asegurando un marco de competencia leal\u201d, para lo cual apoyan \u201cuna necesaria reforma\u201d de la Organizaci\u00f3n Mundial del Comercio (OMC) para atajar \u201cdesaf\u00edos presentes y futuros\u201d. Adem\u00e1s, determinaron fortalecer los lazos China-Uni\u00f3n Europea (UE), apoyar las sinergias ente la iniciativa china de las Nuevas Rutas de la Seda con las de conectividad de la UE, incluyendo la estrategia de conectividad euroasi\u00e1tica, y reforzar los intercambios en el marco de la Plataforma de Conectividad China-UE. China espera que m\u00e1s empresas francesas aumenten sus exportaciones al mercado chino, mientras que las dos partes se comprometen a proporcionar condiciones de \u201ccompetencia justa y no discriminatorias\u201d para las empresas de ambos lados. ACUERDOS BILATERALES EN AVIACI\u00d3N, AGRICULTURA Y CULTURA Entre la decena de acuerdos firmados en la visita -por valor de 15.000 millones de d\u00f3lares- destaca un Memorando de Entendimiento para la cooperaci\u00f3n en el campo de la aeron\u00e1utica que prev\u00e9 el \u201cfortalecimiento de Airbus en China\u201d y \u201cla compra continua de aviones Airbus por las aerol\u00edneas chinas\u201d. Seg\u00fan los pron\u00f3sticos de la empresa, se espera que China requiera unos 7.560 aviones nuevos en los pr\u00f3ximos 20 a\u00f1os. Los dos pa\u00edses tambi\u00e9n trabajar\u00e1n juntos para desarrollar una \u201cnueva cooperaci\u00f3n espacial, astrof\u00edsica y de seguimiento del clima\u201d, y firmaron otro Memorando para \u201cla construcci\u00f3n de una planta de tratamiento y reciclaje de combustible nuclear usado\u201d. Los intercambios culturales, tur\u00edsticos y educativos tambi\u00e9n estuvieron presentes en esta reuni\u00f3n, en la que acordaron nuevos programas de cooperaci\u00f3n relacionados con el famoso Ej\u00e9rcito de Terracota que protege al primer emperador chino en Xian (centro) y con la restauraci\u00f3n de la Catedral de Notre-Dame en Par\u00eds. PAR\u00cdS Y PEK\u00cdN, JUNTOS EN LA LUCHA CONTRA EL CAMBIO CLIM\u00c1TICO Xi y Macron consideraron al Acuerdo de Par\u00eds \u201cun proceso irreversible\u201d y una \u201cbr\u00fajula\u201d para una \u201cacci\u00f3n fuerte\u201d sobre el clima, y aseguraron que est\u00e1n \u201cresueltos a realizar esfuerzos sin precedentes para asegurar el futuro de las nuevas generaciones\u201d y a \u201cintensificar los esfuerzos internacionales\u201d de lucha contra el cambio clim\u00e1tico. La declaraci\u00f3n llama a \u201ctodos los pa\u00edses, las autoridades internacionales, las empresas y las organizaciones no gubernamentales a publicar hasta el pr\u00f3ximo a\u00f1o sus estrategias de desarrollo a largo plazo hasta 2050 para una menor emisi\u00f3n de gases de efecto invernadero. Igualmente instan a ratificar \u201clo m\u00e1s pronto posible\u201d la reforma de Kigali al protocolo sobre el clima de Montreal que \u201cpuede impedir hasta 0,4 grados cent\u00edgrados de recalentamiento de aqu\u00ed a finales de siglo\u201d. Respecto al nuevo objetivo que fijan para los pa\u00edses desarrollados de invertir cien mil millones de d\u00f3lares anuales en la lucha contra el cambio clim\u00e1tico de aqu\u00ed a 2025, ambos dirigentes destacan que el \u201cFondo verde\u201d para el clima de Naciones Unidas \u201cjuega un papel esencial\u201d para movilizar recursos financieros a los pa\u00edses en desarrollo.<\/p>\n","protected":false},"author":6,"featured_media":97618,"comment_status":"open","ping_status":"open","sticky":false,"template":"","format":"standard","meta":{"om_disable_all_campaigns":false,"footnotes":""},"categories":[14],"tags":[],"class_list":["post-97617","post","type-post","status-publish","format-standard","has-post-thumbnail","hentry","category-culture"],"_links":{"self":[{"href":"https:\/\/conexiondigital.com.do\/index.php\/wp-json\/wp\/v2\/posts\/97617","targetHints":{"allow":["GET"]}}],"collection":[{"href":"https:\/\/conexiondigital.com.do\/index.php\/wp-json\/wp\/v2\/posts"}],"about":[{"href":"https:\/\/conexiondigital.com.do\/index.php\/wp-json\/wp\/v2\/types\/post"}],"author":[{"embeddable":true,"href":"https:\/\/conexiondigital.com.do\/index.php\/wp-json\/wp\/v2\/users\/6"}],"replies":[{"embeddable":true,"href":"https:\/\/conexiondigital.com.do\/index.php\/wp-json\/wp\/v2\/comments?post=97617"}],"version-history":[{"count":1,"href":"https:\/\/conexiondigital.com.do\/index.php\/wp-json\/wp\/v2\/posts\/97617\/revisions"}],"predecessor-version":[{"id":97619,"href":"https:\/\/conexiondigital.com.do\/index.php\/wp-json\/wp\/v2\/posts\/97617\/revisions\/97619"}],"wp:featuredmedia":[{"embeddable":true,"href":"https:\/\/conexiondigital.com.do\/index.php\/wp-json\/wp\/v2\/media\/97618"}],"wp:attachment":[{"href":"https:\/\/conexiondigital.com.do\/index.php\/wp-json\/wp\/v2\/media?parent=97617"}],"wp:term":[{"taxonomy":"category","embeddable":true,"href":"https:\/\/conexiondigital.com.do\/index.php\/wp-json\/wp\/v2\/categories?post=97617"},{"taxonomy":"post_tag","embeddable":true,"href":"https:\/\/conexiondigital.com.do\/index.php\/wp-json\/wp\/v2\/tags?post=97617"}],"curies":[{"name":"wp","href":"https:\/\/api.w.org\/{rel}","templated":true}]}}