{"id":98048,"date":"2019-11-21T11:27:18","date_gmt":"2019-11-21T15:27:18","guid":{"rendered":"http:\/\/conexiondigital.com.do\/?p=98048"},"modified":"2019-11-21T11:27:18","modified_gmt":"2019-11-21T15:27:18","slug":"fallece-el-cineasta-brasileno-fabio-barreto-tras-casi-una-decada-en-coma","status":"publish","type":"post","link":"https:\/\/conexiondigital.com.do\/index.php\/2019\/11\/21\/fallece-el-cineasta-brasileno-fabio-barreto-tras-casi-una-decada-en-coma\/","title":{"rendered":"Fallece el cineasta brasile\u00f1o Fabio Barreto tras casi una d\u00e9cada en coma"},"content":{"rendered":"<p><img loading=\"lazy\" decoding=\"async\" class=\" wp-image-98049 alignleft\" src=\"https:\/\/images.conexiondigital.com.do\/wp-content\/uploads\/wp-content\/uploads\/2019\/11\/Fallece-el-cineasta-1024x550-800x430.jpg\" alt=\"\" width=\"499\" height=\"268\" \/>R\u00cdO DE JANEIRO.- El cineasta, actor, productor y guionista brasile\u00f1o Fabio Barreto, director del filme \u201cO Quatrilho\u201d, nominada al \u00d3scar como mejor pel\u00edcula extranjera en 1995, falleci\u00f3 en R\u00edo de Janeiro a los 62 a\u00f1os de edad tras permanecer nueve a\u00f1os en coma por un accidente automovil\u00edstico.<\/p>\n<p>Barreto, que muri\u00f3 la noche del mi\u00e9rcoles, era miembro de una familia de reconocidos cineastas brasile\u00f1os, propietaria de una de las principales productoras del s\u00e9ptimo arte en el gigante suramericano.<\/p>\n<p>Hijo del productor y realizador Luiz Carlos Barreto y hermano de Bruno Barreto, quien dirigi\u00f3, entre otros filmes, \u201cDo\u00f1a Flor y sus dos maridos\u201d y \u201c\u00bfQu\u00e9 es eso, compa\u00f1ero?\u201d, candidata al \u00d3scar al mejor filme extranjero en 1997, Fabio Barreto comenz\u00f3 su carrera como director de cine en 1977.<\/p>\n<p>Adem\u00e1s de ser reconocido internacionalmente por \u201cO Cuatrilho\u201d, el cineasta tambi\u00e9n dirigi\u00f3 la pel\u00edcula \u201cLula, el hijo de Brasil\u201d (2009), un drama biogr\u00e1fico sobre la vida del expresidente Luiz In\u00e1cio Lula da Silva.<\/p>\n<p>Lula lament\u00f3 este jueves la muerte del cineasta, del que destac\u00f3 sus calidades profesionales y a quien agradeci\u00f3 por el trato que le dio a \u00e9l y a su familia en la pel\u00edcula que hizo sobre su vida.<\/p>\n<p>\u201cFabio Barreto fue un gran cineasta de una familia con una gran contribuci\u00f3n a la cultura nacional. A trav\u00e9s del cine, cont\u00f3 historias sobre nuestro Brasil y ayud\u00f3 a los extranjeros y a nosotros mismos a saber m\u00e1s sobre nuestro pa\u00eds\u201d, asegur\u00f3 Lula a trav\u00e9s de su cuenta en Twitter.<\/p>\n<p>\u201cDespu\u00e9s de d\u00e9cadas, logr\u00f3 la rara haza\u00f1a de disputar un \u00d3scar a la mejor pel\u00edcula extranjera con \u201cO Quatrilho\u201d. Agradezco la dedicaci\u00f3n y la amabilidad con la que me trat\u00f3 a m\u00ed, a mi madre, a Marisa (la fallecida esposa de Lula) y al movimiento sindical en la pel\u00edcula que hizo sobre mi juventud\u201d, agreg\u00f3.<\/p>\n<p>Barreto entr\u00f3 en coma en diciembre de 2009 luego de sufrir un accidente automovil\u00edstico cuando, al intentar esquivar un carro sobre un viaducto del barrio Botafogo, en R\u00edo de Janeiro, su camioneta se precipit\u00f3 a otra pista, en una ca\u00edda de unos cuatro metros de altura.<\/p>\n<p>El accidente, que lo mantuvo en coma por casi una d\u00e9cada, ocurri\u00f3 d\u00edas antes del estreno de la pel\u00edcula sobre la vida de Lula, que estaba programado para el 1 de enero en las salas comerciales.<\/p>\n<p>En total, Barreto dirigi\u00f3 13 filmes, entre ellos \u201cO quatrilho\u201d, que narra la historia de dos parejas que terminan intercambiando compa\u00f1eros entre s\u00ed y que en 1995 fue candidata al \u00d3scar a la mejor pel\u00edcula en lengua no inglesa.<\/p>\n","protected":false},"excerpt":{"rendered":"<p>R\u00cdO DE JANEIRO.- El cineasta, actor, productor y guionista brasile\u00f1o Fabio Barreto, director del filme \u201cO Quatrilho\u201d, nominada al \u00d3scar como mejor pel\u00edcula extranjera en 1995, falleci\u00f3 en R\u00edo de Janeiro a los 62 a\u00f1os de edad tras permanecer nueve a\u00f1os en coma por un accidente automovil\u00edstico. Barreto, que muri\u00f3 la noche del mi\u00e9rcoles, era miembro de una familia de reconocidos cineastas brasile\u00f1os, propietaria de una de las principales productoras del s\u00e9ptimo arte en el gigante suramericano. Hijo del productor y realizador Luiz Carlos Barreto y hermano de Bruno Barreto, quien dirigi\u00f3, entre otros filmes, \u201cDo\u00f1a Flor y sus dos maridos\u201d y \u201c\u00bfQu\u00e9 es eso, compa\u00f1ero?\u201d, candidata al \u00d3scar al mejor filme extranjero en 1997, Fabio Barreto comenz\u00f3 su carrera como director de cine en 1977. Adem\u00e1s de ser reconocido internacionalmente por \u201cO Cuatrilho\u201d, el cineasta tambi\u00e9n dirigi\u00f3 la pel\u00edcula \u201cLula, el hijo de Brasil\u201d (2009), un drama biogr\u00e1fico sobre la vida del expresidente Luiz In\u00e1cio Lula da Silva. Lula lament\u00f3 este jueves la muerte del cineasta, del que destac\u00f3 sus calidades profesionales y a quien agradeci\u00f3 por el trato que le dio a \u00e9l y a su familia en la pel\u00edcula que hizo sobre su vida. \u201cFabio Barreto fue un gran cineasta de una familia con una gran contribuci\u00f3n a la cultura nacional. A trav\u00e9s del cine, cont\u00f3 historias sobre nuestro Brasil y ayud\u00f3 a los extranjeros y a nosotros mismos a saber m\u00e1s sobre nuestro pa\u00eds\u201d, asegur\u00f3 Lula a trav\u00e9s de su cuenta en Twitter. \u201cDespu\u00e9s de d\u00e9cadas, logr\u00f3 la rara haza\u00f1a de disputar un \u00d3scar a la mejor pel\u00edcula extranjera con \u201cO Quatrilho\u201d. Agradezco la dedicaci\u00f3n y la amabilidad con la que me trat\u00f3 a m\u00ed, a mi madre, a Marisa (la fallecida esposa de Lula) y al movimiento sindical en la pel\u00edcula que hizo sobre mi juventud\u201d, agreg\u00f3. Barreto entr\u00f3 en coma en diciembre de 2009 luego de sufrir un accidente automovil\u00edstico cuando, al intentar esquivar un carro sobre un viaducto del barrio Botafogo, en R\u00edo de Janeiro, su camioneta se precipit\u00f3 a otra pista, en una ca\u00edda de unos cuatro metros de altura. El accidente, que lo mantuvo en coma por casi una d\u00e9cada, ocurri\u00f3 d\u00edas antes del estreno de la pel\u00edcula sobre la vida de Lula, que estaba programado para el 1 de enero en las salas comerciales. En total, Barreto dirigi\u00f3 13 filmes, entre ellos \u201cO quatrilho\u201d, que narra la historia de dos parejas que terminan intercambiando compa\u00f1eros entre s\u00ed y que en 1995 fue candidata al \u00d3scar a la mejor pel\u00edcula en lengua no inglesa.<\/p>\n","protected":false},"author":6,"featured_media":98049,"comment_status":"open","ping_status":"open","sticky":false,"template":"","format":"standard","meta":{"om_disable_all_campaigns":false,"footnotes":""},"categories":[14],"tags":[],"class_list":["post-98048","post","type-post","status-publish","format-standard","has-post-thumbnail","hentry","category-culture"],"_links":{"self":[{"href":"https:\/\/conexiondigital.com.do\/index.php\/wp-json\/wp\/v2\/posts\/98048","targetHints":{"allow":["GET"]}}],"collection":[{"href":"https:\/\/conexiondigital.com.do\/index.php\/wp-json\/wp\/v2\/posts"}],"about":[{"href":"https:\/\/conexiondigital.com.do\/index.php\/wp-json\/wp\/v2\/types\/post"}],"author":[{"embeddable":true,"href":"https:\/\/conexiondigital.com.do\/index.php\/wp-json\/wp\/v2\/users\/6"}],"replies":[{"embeddable":true,"href":"https:\/\/conexiondigital.com.do\/index.php\/wp-json\/wp\/v2\/comments?post=98048"}],"version-history":[{"count":1,"href":"https:\/\/conexiondigital.com.do\/index.php\/wp-json\/wp\/v2\/posts\/98048\/revisions"}],"predecessor-version":[{"id":98050,"href":"https:\/\/conexiondigital.com.do\/index.php\/wp-json\/wp\/v2\/posts\/98048\/revisions\/98050"}],"wp:featuredmedia":[{"embeddable":true,"href":"https:\/\/conexiondigital.com.do\/index.php\/wp-json\/wp\/v2\/media\/98049"}],"wp:attachment":[{"href":"https:\/\/conexiondigital.com.do\/index.php\/wp-json\/wp\/v2\/media?parent=98048"}],"wp:term":[{"taxonomy":"category","embeddable":true,"href":"https:\/\/conexiondigital.com.do\/index.php\/wp-json\/wp\/v2\/categories?post=98048"},{"taxonomy":"post_tag","embeddable":true,"href":"https:\/\/conexiondigital.com.do\/index.php\/wp-json\/wp\/v2\/tags?post=98048"}],"curies":[{"name":"wp","href":"https:\/\/api.w.org\/{rel}","templated":true}]}}