{"id":98437,"date":"2019-12-10T12:40:44","date_gmt":"2019-12-10T16:40:44","guid":{"rendered":"http:\/\/conexiondigital.com.do\/?p=98437"},"modified":"2019-12-10T12:40:44","modified_gmt":"2019-12-10T16:40:44","slug":"canciller-vargas-advierte-situacion-de-haiti-amenaza-paz-y-seguridad-regionales-urge-ayuda-internacional","status":"publish","type":"post","link":"https:\/\/conexiondigital.com.do\/index.php\/2019\/12\/10\/canciller-vargas-advierte-situacion-de-haiti-amenaza-paz-y-seguridad-regionales-urge-ayuda-internacional\/","title":{"rendered":"Canciller Vargas advierte situaci\u00f3n de Hait\u00ed amenaza paz y seguridad regionales; urge ayuda internacional"},"content":{"rendered":"<p><img loading=\"lazy\" decoding=\"async\" class=\" wp-image-98438 alignleft\" src=\"https:\/\/images.conexiondigital.com.do\/wp-content\/uploads\/wp-content\/uploads\/2019\/12\/Foto-archivo-canciller...-1024x550-800x430.jpeg\" alt=\"\" width=\"495\" height=\"266\" \/>Panam\u00e1-\u00a0El canciller Miguel Vargas advirti\u00f3 que la situaci\u00f3n de Hait\u00ed plantea una amenaza real e inminente para la paz y la seguridad en la regi\u00f3n, y urgi\u00f3 a la comunidad internacional a tomar medidas efectivas para prevenir que se profundice la crisis humanitaria que padece el pa\u00eds vecino.<\/p>\n<p>\u201cHay que evitar que Hait\u00ed caiga en una espiral de caos total, de la cual le tomar\u00eda a\u00f1os recuperarse. Las urgencias mayores se centran en la inseguridad alimentaria y los problemas sanitarios\u201d, apremi\u00f3 el ministro de Exteriores dominicano.<\/p>\n<p>Agreg\u00f3 que, adem\u00e1s de las acciones inmediatas, Hait\u00ed contin\u00faa necesitado de apoyo internacional para implementar un plan viable y multidimensional, que le permita alcanzar las metas de desarrollo sostenible y garantizar una estabilidad duradera.<\/p>\n<p>\u201cNuestro apoyo en tal sentido es irrevocable, porque estamos convencidos de la imposibilidad de alcanzar la Agenda 2030 de manera aislada. Hait\u00ed continuar\u00e1 sumido en crisis sin el involucramiento a fondo de la comunidad internacional\u201d, anot\u00f3 el canciller Vargas.<\/p>\n<p>\u201c\u00bfPor cu\u00e1nto tiempo m\u00e1s persistir\u00e1n los niveles actuales de inestabilidad pol\u00edtica sin llegar a un punto de no retorno?\u201d, se pregunt\u00f3 el ministro de Exteriores, quien record\u00f3 haber argumentado en el Consejo de Seguridad de las Naciones Unidas que el retiro prematuro de la asistencia internacional a Hait\u00ed tendr\u00eda un efecto adverso.<\/p>\n<p>Miguel Vargas afirm\u00f3 que la crisis de gobernabilidad, y consecuente inestabilidad en territorio haitiano, ha bloqueado el trabajo de las organizaciones internacionales y de las oeneg\u00e9s en ese pa\u00eds, donde m\u00e1s de una de cada tres personas necesita con urgencia asistencia alimentaria, y hay un mill\u00f3n clasificada ya en estado de emergencia.\u00a0 \u00a0Adem\u00e1s, se\u00f1al\u00f3 que cerca de cuatro millones de haitianos pasan hambre, y se considera que 49 por ciento de la poblaci\u00f3n sufre malnutrici\u00f3n.<\/p>\n<p>El canciller dominicano a\u00f1adi\u00f3 que, desde septiembre, m\u00e1s de tres millones de ni\u00f1os haitianos no asisten a la escuela debido a problemas de seguridad, mientras, las manifestaciones han afectado dram\u00e1ticamente el sistema de salud, ya que han obstaculizado las rutas de abastecimiento.<\/p>\n<p>El alto diplom\u00e1tico encuentra algunos paralelismos con los desplazamientos masivos de venezolanos y en pa\u00edses de Am\u00e9rica Central, situaciones que han precisado pol\u00edticas a corto y mediano plazo de parte de naciones vecinas, socios y organizaciones multilaterales.<\/p>\n<p>Actualmente, Miguel Vargas participa en la XIII Cumbre Empresarial China-LAC (Latinoam\u00e9rica y el Caribe), evento que concluye este martes en la capital paname\u00f1a.<\/p>\n","protected":false},"excerpt":{"rendered":"<p>Panam\u00e1-\u00a0El canciller Miguel Vargas advirti\u00f3 que la situaci\u00f3n de Hait\u00ed plantea una amenaza real e inminente para la paz y la seguridad en la regi\u00f3n, y urgi\u00f3 a la comunidad internacional a tomar medidas efectivas para prevenir que se profundice la crisis humanitaria que padece el pa\u00eds vecino. \u201cHay que evitar que Hait\u00ed caiga en una espiral de caos total, de la cual le tomar\u00eda a\u00f1os recuperarse. Las urgencias mayores se centran en la inseguridad alimentaria y los problemas sanitarios\u201d, apremi\u00f3 el ministro de Exteriores dominicano. Agreg\u00f3 que, adem\u00e1s de las acciones inmediatas, Hait\u00ed contin\u00faa necesitado de apoyo internacional para implementar un plan viable y multidimensional, que le permita alcanzar las metas de desarrollo sostenible y garantizar una estabilidad duradera. \u201cNuestro apoyo en tal sentido es irrevocable, porque estamos convencidos de la imposibilidad de alcanzar la Agenda 2030 de manera aislada. Hait\u00ed continuar\u00e1 sumido en crisis sin el involucramiento a fondo de la comunidad internacional\u201d, anot\u00f3 el canciller Vargas. \u201c\u00bfPor cu\u00e1nto tiempo m\u00e1s persistir\u00e1n los niveles actuales de inestabilidad pol\u00edtica sin llegar a un punto de no retorno?\u201d, se pregunt\u00f3 el ministro de Exteriores, quien record\u00f3 haber argumentado en el Consejo de Seguridad de las Naciones Unidas que el retiro prematuro de la asistencia internacional a Hait\u00ed tendr\u00eda un efecto adverso. Miguel Vargas afirm\u00f3 que la crisis de gobernabilidad, y consecuente inestabilidad en territorio haitiano, ha bloqueado el trabajo de las organizaciones internacionales y de las oeneg\u00e9s en ese pa\u00eds, donde m\u00e1s de una de cada tres personas necesita con urgencia asistencia alimentaria, y hay un mill\u00f3n clasificada ya en estado de emergencia.\u00a0 \u00a0Adem\u00e1s, se\u00f1al\u00f3 que cerca de cuatro millones de haitianos pasan hambre, y se considera que 49 por ciento de la poblaci\u00f3n sufre malnutrici\u00f3n. El canciller dominicano a\u00f1adi\u00f3 que, desde septiembre, m\u00e1s de tres millones de ni\u00f1os haitianos no asisten a la escuela debido a problemas de seguridad, mientras, las manifestaciones han afectado dram\u00e1ticamente el sistema de salud, ya que han obstaculizado las rutas de abastecimiento. El alto diplom\u00e1tico encuentra algunos paralelismos con los desplazamientos masivos de venezolanos y en pa\u00edses de Am\u00e9rica Central, situaciones que han precisado pol\u00edticas a corto y mediano plazo de parte de naciones vecinas, socios y organizaciones multilaterales. Actualmente, Miguel Vargas participa en la XIII Cumbre Empresarial China-LAC (Latinoam\u00e9rica y el Caribe), evento que concluye este martes en la capital paname\u00f1a.<\/p>\n","protected":false},"author":6,"featured_media":98438,"comment_status":"open","ping_status":"open","sticky":false,"template":"","format":"standard","meta":{"om_disable_all_campaigns":false,"footnotes":""},"categories":[15],"tags":[],"class_list":["post-98437","post","type-post","status-publish","format-standard","has-post-thumbnail","hentry","category-nacionales"],"_links":{"self":[{"href":"https:\/\/conexiondigital.com.do\/index.php\/wp-json\/wp\/v2\/posts\/98437","targetHints":{"allow":["GET"]}}],"collection":[{"href":"https:\/\/conexiondigital.com.do\/index.php\/wp-json\/wp\/v2\/posts"}],"about":[{"href":"https:\/\/conexiondigital.com.do\/index.php\/wp-json\/wp\/v2\/types\/post"}],"author":[{"embeddable":true,"href":"https:\/\/conexiondigital.com.do\/index.php\/wp-json\/wp\/v2\/users\/6"}],"replies":[{"embeddable":true,"href":"https:\/\/conexiondigital.com.do\/index.php\/wp-json\/wp\/v2\/comments?post=98437"}],"version-history":[{"count":1,"href":"https:\/\/conexiondigital.com.do\/index.php\/wp-json\/wp\/v2\/posts\/98437\/revisions"}],"predecessor-version":[{"id":98439,"href":"https:\/\/conexiondigital.com.do\/index.php\/wp-json\/wp\/v2\/posts\/98437\/revisions\/98439"}],"wp:featuredmedia":[{"embeddable":true,"href":"https:\/\/conexiondigital.com.do\/index.php\/wp-json\/wp\/v2\/media\/98438"}],"wp:attachment":[{"href":"https:\/\/conexiondigital.com.do\/index.php\/wp-json\/wp\/v2\/media?parent=98437"}],"wp:term":[{"taxonomy":"category","embeddable":true,"href":"https:\/\/conexiondigital.com.do\/index.php\/wp-json\/wp\/v2\/categories?post=98437"},{"taxonomy":"post_tag","embeddable":true,"href":"https:\/\/conexiondigital.com.do\/index.php\/wp-json\/wp\/v2\/tags?post=98437"}],"curies":[{"name":"wp","href":"https:\/\/api.w.org\/{rel}","templated":true}]}}