{"id":98900,"date":"2020-01-22T09:20:24","date_gmt":"2020-01-22T13:20:24","guid":{"rendered":"http:\/\/conexiondigital.com.do\/?p=98900"},"modified":"2020-01-22T09:20:24","modified_gmt":"2020-01-22T13:20:24","slug":"onamet-informa-sistema-frontal-provocara-lluvias-en-varias-partes-del-pais","status":"publish","type":"post","link":"https:\/\/conexiondigital.com.do\/index.php\/2020\/01\/22\/onamet-informa-sistema-frontal-provocara-lluvias-en-varias-partes-del-pais\/","title":{"rendered":"Onamet informa sistema frontal provocar\u00e1 lluvias en varias partes del pa\u00eds"},"content":{"rendered":"<p><img loading=\"lazy\" decoding=\"async\" class=\" wp-image-98901 alignleft\" src=\"https:\/\/images.conexiondigital.com.do\/wp-content\/uploads\/wp-content\/uploads\/2020\/01\/ONAMET-1024x550-800x430.jpeg\" alt=\"\" width=\"495\" height=\"266\" \/>La Oficina Nacional de Meteorolog\u00eda (Onamet) inform\u00f3 que para hoy mi\u00e9rcoles las condiciones del tiempo sobre la Rep\u00fablica Dominicana, ser\u00e1n m\u00e1s inestables debido a los\u00a0 efectos de un sistema frontal que se estar\u00e1 aproximando al pa\u00eds cerca de la porci\u00f3n noroeste.<\/p>\n<p>En tal sentido, los valores de humedad se incrementar\u00e1n present\u00e1ndose en el transcurso del d\u00eda nublado con lluvias que pueden ser de moderadas a fuertes, tormentas el\u00e9ctricas y algunas r\u00e1fagas de viento hacia las regiones: noroeste, norte, noreste, cordillera Central y la zona fronteriza.<\/p>\n<p>El resto del territorio nacional permanecer\u00e1 con nubes dispersas y escasas lluvias por una masa de aire m\u00e1s seca y estable.<\/p>\n<p>En cuanto a las temperaturas estar\u00e1n ligeramente calurosas en la tarde por el viento del sur\/sureste, siendo agradables en la noche y madrugada as\u00ed como en las primeras horas de la ma\u00f1ana, debido a la \u00e9poca del a\u00f1o.<\/p>\n","protected":false},"excerpt":{"rendered":"<p>La Oficina Nacional de Meteorolog\u00eda (Onamet) inform\u00f3 que para hoy mi\u00e9rcoles las condiciones del tiempo sobre la Rep\u00fablica Dominicana, ser\u00e1n m\u00e1s inestables debido a los\u00a0 efectos de un sistema frontal que se estar\u00e1 aproximando al pa\u00eds cerca de la porci\u00f3n noroeste. En tal sentido, los valores de humedad se incrementar\u00e1n present\u00e1ndose en el transcurso del d\u00eda nublado con lluvias que pueden ser de moderadas a fuertes, tormentas el\u00e9ctricas y algunas r\u00e1fagas de viento hacia las regiones: noroeste, norte, noreste, cordillera Central y la zona fronteriza. El resto del territorio nacional permanecer\u00e1 con nubes dispersas y escasas lluvias por una masa de aire m\u00e1s seca y estable. En cuanto a las temperaturas estar\u00e1n ligeramente calurosas en la tarde por el viento del sur\/sureste, siendo agradables en la noche y madrugada as\u00ed como en las primeras horas de la ma\u00f1ana, debido a la \u00e9poca del a\u00f1o.<\/p>\n","protected":false},"author":6,"featured_media":98901,"comment_status":"open","ping_status":"open","sticky":false,"template":"","format":"standard","meta":{"om_disable_all_campaigns":false,"footnotes":""},"categories":[15],"tags":[],"class_list":["post-98900","post","type-post","status-publish","format-standard","has-post-thumbnail","hentry","category-nacionales"],"_links":{"self":[{"href":"https:\/\/conexiondigital.com.do\/index.php\/wp-json\/wp\/v2\/posts\/98900","targetHints":{"allow":["GET"]}}],"collection":[{"href":"https:\/\/conexiondigital.com.do\/index.php\/wp-json\/wp\/v2\/posts"}],"about":[{"href":"https:\/\/conexiondigital.com.do\/index.php\/wp-json\/wp\/v2\/types\/post"}],"author":[{"embeddable":true,"href":"https:\/\/conexiondigital.com.do\/index.php\/wp-json\/wp\/v2\/users\/6"}],"replies":[{"embeddable":true,"href":"https:\/\/conexiondigital.com.do\/index.php\/wp-json\/wp\/v2\/comments?post=98900"}],"version-history":[{"count":1,"href":"https:\/\/conexiondigital.com.do\/index.php\/wp-json\/wp\/v2\/posts\/98900\/revisions"}],"predecessor-version":[{"id":98902,"href":"https:\/\/conexiondigital.com.do\/index.php\/wp-json\/wp\/v2\/posts\/98900\/revisions\/98902"}],"wp:featuredmedia":[{"embeddable":true,"href":"https:\/\/conexiondigital.com.do\/index.php\/wp-json\/wp\/v2\/media\/98901"}],"wp:attachment":[{"href":"https:\/\/conexiondigital.com.do\/index.php\/wp-json\/wp\/v2\/media?parent=98900"}],"wp:term":[{"taxonomy":"category","embeddable":true,"href":"https:\/\/conexiondigital.com.do\/index.php\/wp-json\/wp\/v2\/categories?post=98900"},{"taxonomy":"post_tag","embeddable":true,"href":"https:\/\/conexiondigital.com.do\/index.php\/wp-json\/wp\/v2\/tags?post=98900"}],"curies":[{"name":"wp","href":"https:\/\/api.w.org\/{rel}","templated":true}]}}